{"viewingHint":"paged","service":[],"structures":[{"ranges":["https://sammlung.volkskundemuseum.at/i3f/v20/332213/range/333807","https://sammlung.volkskundemuseum.at/i3f/v20/332213/range/333808"],"viewingHint":"top","@id":"https://sammlung.volkskundemuseum.at/i3f/v20/332213/range/332213","@type":"sc:Range","label":"Table of Contents"},{"canvases":["https://sammlung.volkskundemuseum.at/i3f/v20/332213/canvas/335868"],"@id":"https://sammlung.volkskundemuseum.at/i3f/v20/332213/range/333807","@type":"sc:Range","label":"dig/43371: Volkskundemuseum Wien"},{"canvases":["https://sammlung.volkskundemuseum.at/i3f/v20/332213/canvas/335869"],"@id":"https://sammlung.volkskundemuseum.at/i3f/v20/332213/range/333808","@type":"sc:Range","label":"dig/43372: Volkskundemuseum Wien"}],"sequences":[{"canvases":[{"height":4319,"width":5076,"images":[{"resource":{"service":{"profile":"http://iiif.io/api/image/2/level2.json","@context":"http://iiif.io/api/image/2/context.json","@id":"https://sammlung.volkskundemuseum.at/i3f/v20/335868"},"format":"image/jpeg","height":850,"width":1000,"@id":"https://sammlung.volkskundemuseum.at/download/webcache/1000/335868","@type":"dctypes:Image"},"on":"https://sammlung.volkskundemuseum.at/i3f/v20/332213/canvas/335868","motivation":"sc:painting","@id":"https://sammlung.volkskundemuseum.at/i3f/v20/332213/annotation/335868","@type":"oa:Annotation"}],"label":"[1]","@id":"https://sammlung.volkskundemuseum.at/i3f/v20/332213/canvas/335868","@type":"sc:Canvas"},{"height":2143,"width":2550,"images":[{"resource":{"service":{"profile":"http://iiif.io/api/image/2/level2.json","@context":"http://iiif.io/api/image/2/context.json","@id":"https://sammlung.volkskundemuseum.at/i3f/v20/335869"},"format":"image/jpeg","height":840,"width":1000,"@id":"https://sammlung.volkskundemuseum.at/download/webcache/1000/335869","@type":"dctypes:Image"},"on":"https://sammlung.volkskundemuseum.at/i3f/v20/332213/canvas/335869","motivation":"sc:painting","@id":"https://sammlung.volkskundemuseum.at/i3f/v20/332213/annotation/335869","@type":"oa:Annotation"}],"label":"[2]","@id":"https://sammlung.volkskundemuseum.at/i3f/v20/332213/canvas/335869","@type":"sc:Canvas"}],"viewingHint":"paged","startCanvas":"https://sammlung.volkskundemuseum.at/i3f/v20/332213/canvas/335868","viewingDirection":"left-to-right","label":"Current Page Order","@context":"http://iiif.io/api/presentation/2/context.json","@id":"https://sammlung.volkskundemuseum.at/i3f/v20/332213/sequence/normal","@type":"sc:Sequence"}],"label":"dia/1514: Diapositiv: Johannesdenkmal, Fulnek, M\u00e4hren","thumbnail":{"width":304,"height":258,"@id":"https://sammlung.volkskundemuseum.at/i3f/v21/335868/full/304/0/default.jpg","@type":"dctypes:Image","format":"image/jpeg"},"logo":{"@id":"https://sammlung.volkskundemuseum.at/domainresource/static/graphics/connectors/viewerLogo.gif","service":{"profile":"http://iiif.io/api/image/2/level2.json","@context":"http://iiif.io/api/image/2/context.json","@id":""}},"@context":"http://iiif.io/api/presentation/2/context.json","seeAlso":{"format":"application/xml","@id":"https://sammlung.volkskundemuseum.at/oai?verb=GetRecord&metadataPrefix=mets&identifier=332213","label":"METS"},"@id":"https://sammlung.volkskundemuseum.at/i3f/v20/332213/manifest","@type":"sc:Manifest","metadata":[{"value":"Glasdiapositiv gerahmt, mit schwarzen Papierstreifen umklebt. Abgebildet ist ein barockes Standbild des hl. Johannes Nepomuk auf reich ornamentiertem Sockel, mit Engelsfiguren flankiert. Standort auf einem Platz, im Hintergrund H\u00e4userfronten und das Kloster auf der Anh\u00f6he.","label":"Beschreibung"},{"value":"Verein Deutsche Heimat","label":"Vorbesitzer:in"},{"value":"unbekannt","label":"Beteiligt"},{"value":"unbekannt","label":"Beteiligt"},{"value":"Wien (Aufnahmeort)   ; Fulnek (Tschechien) (Aufnahmeort Vorlage)   ; vor 1936 (Aufnahmedatum)","label":"Entstehung"},{"value":"Glas, Fotografie ; Papierstreifen","label":"Material"},{"value":"Diapositivverfahren schwarz-wei\u00df","label":"Technik"},{"value":"Querformat","label":"Format"},{"value":"H: 8,5 cm B: 10 cm","label":"Abmessungen"},{"value":"Objekt","label":"Objekttyp"},{"value":"Glasdiapositiv, schwarz-wei\u00df","label":"Objektart"},{"value":"dia/1514","label":"Inventarnummer"},{"value":"[Recto:] Fulnek, M\u00e4hren, Johannesdenkmal // 194[durchgestrichen] // MUSEUM F\u00dcR VOLKSKUNDE // Fulnek / M\u00e4hren / Johannesdenkmal am Hauptplatz // 585 // 194[durchgestrichen] // 1514. // 585 \r[Verso:] GG II a 13","label":"Inschrift / Aufschrift"},{"value":"Schenkung","label":"Erwerbungsart"}]}