{"viewingHint":"paged","service":[],"structures":[{"ranges":["https://sammlung.volkskundemuseum.at/i3f/v20/319209/range/319296","https://sammlung.volkskundemuseum.at/i3f/v20/319209/range/319297","https://sammlung.volkskundemuseum.at/i3f/v20/319209/range/319298"],"viewingHint":"top","@id":"https://sammlung.volkskundemuseum.at/i3f/v20/319209/range/319209","@type":"sc:Range","label":"Table of Contents"},{"canvases":["https://sammlung.volkskundemuseum.at/i3f/v20/319209/canvas/319396"],"@id":"https://sammlung.volkskundemuseum.at/i3f/v20/319209/range/319296","@type":"sc:Range","label":"dig/14163: Volkskundemuseum Wien / Foto: Christa Knott"},{"canvases":["https://sammlung.volkskundemuseum.at/i3f/v20/319209/canvas/319397"],"@id":"https://sammlung.volkskundemuseum.at/i3f/v20/319209/range/319297","@type":"sc:Range","label":"dig/44671: Volkskundemuseum Wien / Foto: Pixelstorm, Wien"},{"canvases":["https://sammlung.volkskundemuseum.at/i3f/v20/319209/canvas/319398"],"@id":"https://sammlung.volkskundemuseum.at/i3f/v20/319209/range/319298","@type":"sc:Range","label":"dig/44672: Volkskundemuseum Wien / Foto: Pixelstorm, Wien"}],"sequences":[{"canvases":[{"height":1264,"width":4336,"images":[{"resource":{"service":{"profile":"http://iiif.io/api/image/2/level2.json","@context":"http://iiif.io/api/image/2/context.json","@id":"https://sammlung.volkskundemuseum.at/i3f/v20/319396"},"format":"image/jpeg","height":291,"width":1000,"@id":"https://sammlung.volkskundemuseum.at/download/webcache/1000/319396","@type":"dctypes:Image"},"on":"https://sammlung.volkskundemuseum.at/i3f/v20/319209/canvas/319396","motivation":"sc:painting","@id":"https://sammlung.volkskundemuseum.at/i3f/v20/319209/annotation/319396","@type":"oa:Annotation"}],"label":"[1]","@id":"https://sammlung.volkskundemuseum.at/i3f/v20/319209/canvas/319396","@type":"sc:Canvas"},{"height":2262,"width":2705,"images":[{"resource":{"service":{"profile":"http://iiif.io/api/image/2/level2.json","@context":"http://iiif.io/api/image/2/context.json","@id":"https://sammlung.volkskundemuseum.at/i3f/v20/319397"},"format":"image/jpeg","height":836,"width":1000,"@id":"https://sammlung.volkskundemuseum.at/download/webcache/1000/319397","@type":"dctypes:Image"},"on":"https://sammlung.volkskundemuseum.at/i3f/v20/319209/canvas/319397","motivation":"sc:painting","@id":"https://sammlung.volkskundemuseum.at/i3f/v20/319209/annotation/319397","@type":"oa:Annotation"}],"label":"[2]","@id":"https://sammlung.volkskundemuseum.at/i3f/v20/319209/canvas/319397","@type":"sc:Canvas"},{"height":2447,"width":3469,"images":[{"resource":{"service":{"profile":"http://iiif.io/api/image/2/level2.json","@context":"http://iiif.io/api/image/2/context.json","@id":"https://sammlung.volkskundemuseum.at/i3f/v20/319398"},"format":"image/jpeg","height":705,"width":1000,"@id":"https://sammlung.volkskundemuseum.at/download/webcache/1000/319398","@type":"dctypes:Image"},"on":"https://sammlung.volkskundemuseum.at/i3f/v20/319209/canvas/319398","motivation":"sc:painting","@id":"https://sammlung.volkskundemuseum.at/i3f/v20/319209/annotation/319398","@type":"oa:Annotation"}],"label":"[3]","@id":"https://sammlung.volkskundemuseum.at/i3f/v20/319209/canvas/319398","@type":"sc:Canvas"}],"viewingHint":"paged","startCanvas":"https://sammlung.volkskundemuseum.at/i3f/v20/319209/canvas/319396","viewingDirection":"left-to-right","label":"Current Page Order","@context":"http://iiif.io/api/presentation/2/context.json","@id":"https://sammlung.volkskundemuseum.at/i3f/v20/319209/sequence/normal","@type":"sc:Sequence"}],"label":"\u00d6MV/32981: Bauchranzen mit Pr\u00e4gung","thumbnail":{"width":304,"height":88,"@id":"https://sammlung.volkskundemuseum.at/i3f/v21/319396/full/304/0/default.jpg","@type":"dctypes:Image","format":"image/jpeg"},"logo":{"@id":"https://sammlung.volkskundemuseum.at/domainresource/static/graphics/connectors/viewerLogo.gif","service":{"profile":"http://iiif.io/api/image/2/level2.json","@context":"http://iiif.io/api/image/2/context.json","@id":""}},"@context":"http://iiif.io/api/presentation/2/context.json","seeAlso":{"format":"application/xml","@id":"https://sammlung.volkskundemuseum.at/oai?verb=GetRecord&metadataPrefix=mets&identifier=319209","label":"METS"},"@id":"https://sammlung.volkskundemuseum.at/i3f/v20/319209/manifest","@type":"sc:Manifest","metadata":[{"value":"G\u00fcrtel aus Leder gen\u00e4ht, gepr\u00e4gter G\u00fcrtelriemen, stellenweise mit Zirmstickerei. Die drei G\u00fcrtelschnallen mit je einem Dorn sind aus Messing gefertigt. Am unteren Rand des G\u00fcrtels ist Dekor aus Messing fixiert. Eine urspr\u00fcnglich angeh\u00e4ngte Geldtasche fehlt. [Maria Raid]","label":"Beschreibung"},{"value":"Kochanowska, Auguste","label":"Vorbesitzer:in"},{"value":"unbekannt","label":"Hersteller:in"},{"value":"Kimpolung (Herstellungsort)   ; [19. Jh.?] (Herstellungszeit)","label":"Entstehung"},{"value":"Kimpolung (Verwendungsort)   ; bis 1913 (Zeitraum vor Erwerbung durch Museum)","label":"Verwendung"},{"value":"Leder ; Metall ; Messing","label":"Material"},{"value":"gepr\u00e4gt (Leder) ; gef\u00e4rbt (Leder) ; Sticken ; N\u00e4hen ; gegossen (Metall) ; [graviert (Metall)?]","label":"Technik"},{"value":"L: 108 cm B: 20 cm","label":"Abmessungen"},{"value":"Objekt","label":"Objekttyp"},{"value":"G\u00fcrtel  ; Objekt, m\u00e4nnlich gelesen","label":"Objektart"},{"value":"\u00d6MV/32981","label":"Inventarnummer"},{"value":"Ankauf","label":"Erwerbungsart"}]}