{"viewingHint":"paged","service":[],"structures":[{"ranges":["https://sammlung.volkskundemuseum.at/i3f/v20/319208/range/319294","https://sammlung.volkskundemuseum.at/i3f/v20/319208/range/319295"],"viewingHint":"top","@id":"https://sammlung.volkskundemuseum.at/i3f/v20/319208/range/319208","@type":"sc:Range","label":"Table of Contents"},{"canvases":["https://sammlung.volkskundemuseum.at/i3f/v20/319208/canvas/319394"],"@id":"https://sammlung.volkskundemuseum.at/i3f/v20/319208/range/319294","@type":"sc:Range","label":"dig/14136: Volkskundemuseum Wien / Foto: Christa Knott"},{"canvases":["https://sammlung.volkskundemuseum.at/i3f/v20/319208/canvas/319395"],"@id":"https://sammlung.volkskundemuseum.at/i3f/v20/319208/range/319295","@type":"sc:Range","label":"dig/44670: Volkskundemuseum Wien / Foto: Pixelstorm, Wien"}],"sequences":[{"canvases":[{"height":968,"width":4684,"images":[{"resource":{"service":{"profile":"http://iiif.io/api/image/2/level2.json","@context":"http://iiif.io/api/image/2/context.json","@id":"https://sammlung.volkskundemuseum.at/i3f/v20/319394"},"format":"image/jpeg","height":206,"width":1000,"@id":"https://sammlung.volkskundemuseum.at/download/webcache/1000/319394","@type":"dctypes:Image"},"on":"https://sammlung.volkskundemuseum.at/i3f/v20/319208/canvas/319394","motivation":"sc:painting","@id":"https://sammlung.volkskundemuseum.at/i3f/v20/319208/annotation/319394","@type":"oa:Annotation"}],"label":"[1]","@id":"https://sammlung.volkskundemuseum.at/i3f/v20/319208/canvas/319394","@type":"sc:Canvas"},{"height":2017,"width":9665,"images":[{"resource":{"service":{"profile":"http://iiif.io/api/image/2/level2.json","@context":"http://iiif.io/api/image/2/context.json","@id":"https://sammlung.volkskundemuseum.at/i3f/v20/319395"},"format":"image/jpeg","height":208,"width":1000,"@id":"https://sammlung.volkskundemuseum.at/download/webcache/1000/319395","@type":"dctypes:Image"},"on":"https://sammlung.volkskundemuseum.at/i3f/v20/319208/canvas/319395","motivation":"sc:painting","@id":"https://sammlung.volkskundemuseum.at/i3f/v20/319208/annotation/319395","@type":"oa:Annotation"}],"label":"[2]","@id":"https://sammlung.volkskundemuseum.at/i3f/v20/319208/canvas/319395","@type":"sc:Canvas"}],"viewingHint":"paged","startCanvas":"https://sammlung.volkskundemuseum.at/i3f/v20/319208/canvas/319394","viewingDirection":"left-to-right","label":"Current Page Order","@context":"http://iiif.io/api/presentation/2/context.json","@id":"https://sammlung.volkskundemuseum.at/i3f/v20/319208/sequence/normal","@type":"sc:Sequence"}],"label":"\u00d6MV/30141: Bauchranzen mit Messingnieten und Pr\u00e4gung","thumbnail":{"width":304,"height":62,"@id":"https://sammlung.volkskundemuseum.at/i3f/v21/319394/full/304/0/default.jpg","@type":"dctypes:Image","format":"image/jpeg"},"logo":{"@id":"https://sammlung.volkskundemuseum.at/domainresource/static/graphics/connectors/viewerLogo.gif","service":{"profile":"http://iiif.io/api/image/2/level2.json","@context":"http://iiif.io/api/image/2/context.json","@id":""}},"@context":"http://iiif.io/api/presentation/2/context.json","seeAlso":{"format":"application/xml","@id":"https://sammlung.volkskundemuseum.at/oai?verb=GetRecord&metadataPrefix=mets&identifier=319208","label":"METS"},"@id":"https://sammlung.volkskundemuseum.at/i3f/v20/319208/manifest","@type":"sc:Manifest","metadata":[{"value":"G\u00fcrtel aus Leder gen\u00e4ht, G\u00fcrtelriemen gepr\u00e4gt und halbseitig mit Messingnieten beschlagen, stellenweise mit Zirmstickerei. Die vier G\u00fcrtelschnallen mit je einem Dorn sind aus Messing gefertigt. Auf der R\u00fcckseite befindet sich eine mit Zirmstickerei fixierte Tasche.\rUmgangssprachlich wird ein G\u00fcrtel dieser Art als \u201eNagelbinde\u201c bezeichnet. [Maria Raid]","label":"Beschreibung"},{"value":"Schnabel, S.","label":"Vorbesitzer:in"},{"value":"unbekannt","label":"Hersteller:in"},{"value":"unbekannt (Herstellungsort)  ; 1809 (Herstellungszeit, datiert)","label":"Entstehung"},{"value":"unbekannt (Verwendungsort)  ; 1809-1912","label":"Verwendung"},{"value":"Leder ; Messing","label":"Material"},{"value":"gepr\u00e4gt (Leder) ; beschlagen (Leder) ; Sticken ; N\u00e4hen ; gegossen (Metall)","label":"Technik"},{"value":"L: 104 cm B: 17,5 cm","label":"Abmessungen"},{"value":"Objekt","label":"Objekttyp"},{"value":"Lederg\u00fcrtel mit Metallbeschlag  ; Geldkatze  ; Objekt, m\u00e4nnlich gelesen","label":"Objektart"},{"value":"Gr\u00fcbl, Walter: Riemer Sattler Federkielsticker. Reith im Alpbachtal 2025.","label":"Weiterf\u00fchrende Informationen"},{"value":"\u00d6MV/30141","label":"Inventarnummer"},{"value":"E /// R  /// IESVS /// [Jesus] MARA [Maria]\rIN /// M \r1809 /// E /// IOSEP [Josef]","label":"Inschrift / Aufschrift"},{"value":"Ankauf","label":"Erwerbungsart"}]}