{"viewingHint":"paged","service":[],"structures":[{"ranges":["https://sammlung.volkskundemuseum.at/i3f/v20/319207/range/319291","https://sammlung.volkskundemuseum.at/i3f/v20/319207/range/319292"],"viewingHint":"top","@id":"https://sammlung.volkskundemuseum.at/i3f/v20/319207/range/319207","@type":"sc:Range","label":"Table of Contents"},{"canvases":["https://sammlung.volkskundemuseum.at/i3f/v20/319207/canvas/319392"],"@id":"https://sammlung.volkskundemuseum.at/i3f/v20/319207/range/319291","@type":"sc:Range","label":"dig/12055: Volkskundemuseum Wien / Foto: Christa Knott"},{"canvases":["https://sammlung.volkskundemuseum.at/i3f/v20/319207/canvas/319393"],"@id":"https://sammlung.volkskundemuseum.at/i3f/v20/319207/range/319292","@type":"sc:Range","label":"dig/44669: Volkskundemuseum Wien / Foto: Pixelstorm, Wien"}],"sequences":[{"canvases":[{"height":1012,"width":4978,"images":[{"resource":{"service":{"profile":"http://iiif.io/api/image/2/level2.json","@context":"http://iiif.io/api/image/2/context.json","@id":"https://sammlung.volkskundemuseum.at/i3f/v20/319392"},"format":"image/jpeg","height":203,"width":1000,"@id":"https://sammlung.volkskundemuseum.at/download/webcache/1000/319392","@type":"dctypes:Image"},"on":"https://sammlung.volkskundemuseum.at/i3f/v20/319207/canvas/319392","motivation":"sc:painting","@id":"https://sammlung.volkskundemuseum.at/i3f/v20/319207/annotation/319392","@type":"oa:Annotation"}],"label":"[1]","@id":"https://sammlung.volkskundemuseum.at/i3f/v20/319207/canvas/319392","@type":"sc:Canvas"},{"height":1925,"width":9438,"images":[{"resource":{"service":{"profile":"http://iiif.io/api/image/2/level2.json","@context":"http://iiif.io/api/image/2/context.json","@id":"https://sammlung.volkskundemuseum.at/i3f/v20/319393"},"format":"image/jpeg","height":203,"width":1000,"@id":"https://sammlung.volkskundemuseum.at/download/webcache/1000/319393","@type":"dctypes:Image"},"on":"https://sammlung.volkskundemuseum.at/i3f/v20/319207/canvas/319393","motivation":"sc:painting","@id":"https://sammlung.volkskundemuseum.at/i3f/v20/319207/annotation/319393","@type":"oa:Annotation"}],"label":"[2]","@id":"https://sammlung.volkskundemuseum.at/i3f/v20/319207/canvas/319393","@type":"sc:Canvas"}],"viewingHint":"paged","startCanvas":"https://sammlung.volkskundemuseum.at/i3f/v20/319207/canvas/319392","viewingDirection":"left-to-right","label":"Current Page Order","@context":"http://iiif.io/api/presentation/2/context.json","@id":"https://sammlung.volkskundemuseum.at/i3f/v20/319207/sequence/normal","@type":"sc:Sequence"}],"label":"\u00d6MV/29260: Bauchranzen mit Federkielstickerei","thumbnail":{"width":304,"height":61,"@id":"https://sammlung.volkskundemuseum.at/i3f/v21/319392/full/304/0/default.jpg","@type":"dctypes:Image","format":"image/jpeg"},"logo":{"@id":"https://sammlung.volkskundemuseum.at/domainresource/static/graphics/connectors/viewerLogo.gif","service":{"profile":"http://iiif.io/api/image/2/level2.json","@context":"http://iiif.io/api/image/2/context.json","@id":""}},"@context":"http://iiif.io/api/presentation/2/context.json","seeAlso":{"format":"application/xml","@id":"https://sammlung.volkskundemuseum.at/oai?verb=GetRecord&metadataPrefix=mets&identifier=319207","label":"METS"},"@id":"https://sammlung.volkskundemuseum.at/i3f/v20/319207/manifest","@type":"sc:Manifest","metadata":[{"value":"G\u00fcrtel aus Leder gen\u00e4ht, mit Federkielstickerei und bunter Baumwollstickerei auf dem G\u00fcrtelblatt sowie auf dem G\u00fcrtelriemen und auf der G\u00fcrtelzunge. Die gravierte G\u00fcrtelschnalle mit einem Dorn ist aus Messing gefertigt. \rHinter dem G\u00fcrtelblatt befindet sich eine versteckte Tasche, welche durch den Knopf ge\u00f6ffnet und geschlossen werden kann. \rUmgangssprachlich wird ein G\u00fcrtel dieser Art als \u201eBlattlranzen\u201c bezeichnet. [Maria Raid]","label":"Beschreibung"},{"value":"Mayrhofer, Johann","label":"Vorbesitzer:in"},{"value":"unbekannt","label":"Hersteller:in"},{"value":"Ober\u00f6sterreich (Herstellungsort)   ; [1. H\u00e4lfte 19. Jh.?] (Herstellungszeit)","label":"Entstehung"},{"value":"Haslach an der M\u00fchl (Verwendungsort)   ; bis 1912 (Zeitraum vor Erwerbung durch Museum)","label":"Verwendung"},{"value":"Leder ; Federkiel ; Baumwolle ; Messing","label":"Material"},{"value":"Sticken ; N\u00e4hen ; gegossen (Metall) ; [graviert (Metall)?]","label":"Technik"},{"value":"L: 99,3 cm H: 16 cm","label":"Abmessungen"},{"value":"Objekt","label":"Objekttyp"},{"value":"Federkielg\u00fcrtel  ; Geldkatze  ; Objekt, m\u00e4nnlich gelesen","label":"Objektart"},{"value":"Gr\u00fcbl, Walter: Riemer Sattler Federkielsticker. Reith im Alpbachtal 2025.","label":"Weiterf\u00fchrende Informationen"},{"value":"Museum f\u00fcr V\u00f6lkerkunde Wien (Hg.): Bauernwerk der alten Welt. Europa - Asien - Afrika. Wien 1954 (= Ver\u00f6ffentlichungen zum Archiv f\u00fcr V\u00f6lkerkunde 2), S. 48.\r\rGudrun Hempel: Schmuck aus den Best\u00e4nden des Museums. Wien 1988, S. 48.","label":"Dokumentation"},{"value":"\u00d6MV/29260","label":"Inventarnummer"},{"value":"[\u00d6MV/2248] - Bauchranzen mit Federkielstickerei","label":"\u00c4hnliche Objekte"},{"value":"Ankauf","label":"Erwerbungsart"}]}