{"viewingHint":"paged","service":[],"structures":[{"ranges":["https://sammlung.volkskundemuseum.at/i3f/v20/319205/range/319287","https://sammlung.volkskundemuseum.at/i3f/v20/319205/range/319288"],"viewingHint":"top","@id":"https://sammlung.volkskundemuseum.at/i3f/v20/319205/range/319205","@type":"sc:Range","label":"Table of Contents"},{"canvases":["https://sammlung.volkskundemuseum.at/i3f/v20/319205/canvas/319388"],"@id":"https://sammlung.volkskundemuseum.at/i3f/v20/319205/range/319287","@type":"sc:Range","label":"dig/11755: Volkskundemuseum Wien / Foto: Christa Knott"},{"canvases":["https://sammlung.volkskundemuseum.at/i3f/v20/319205/canvas/319389"],"@id":"https://sammlung.volkskundemuseum.at/i3f/v20/319205/range/319288","@type":"sc:Range","label":"dig/44667: Volkskundemuseum Wien / Foto: Pixelstorm, Wien"}],"sequences":[{"canvases":[{"height":547,"width":4648,"images":[{"resource":{"service":{"profile":"http://iiif.io/api/image/2/level2.json","@context":"http://iiif.io/api/image/2/context.json","@id":"https://sammlung.volkskundemuseum.at/i3f/v20/319388"},"format":"image/jpeg","height":117,"width":1000,"@id":"https://sammlung.volkskundemuseum.at/download/webcache/1000/319388","@type":"dctypes:Image"},"on":"https://sammlung.volkskundemuseum.at/i3f/v20/319205/canvas/319388","motivation":"sc:painting","@id":"https://sammlung.volkskundemuseum.at/i3f/v20/319205/annotation/319388","@type":"oa:Annotation"}],"label":"[1]","@id":"https://sammlung.volkskundemuseum.at/i3f/v20/319205/canvas/319388","@type":"sc:Canvas"},{"height":1616,"width":9200,"images":[{"resource":{"service":{"profile":"http://iiif.io/api/image/2/level2.json","@context":"http://iiif.io/api/image/2/context.json","@id":"https://sammlung.volkskundemuseum.at/i3f/v20/319389"},"format":"image/jpeg","height":175,"width":1000,"@id":"https://sammlung.volkskundemuseum.at/download/webcache/1000/319389","@type":"dctypes:Image"},"on":"https://sammlung.volkskundemuseum.at/i3f/v20/319205/canvas/319389","motivation":"sc:painting","@id":"https://sammlung.volkskundemuseum.at/i3f/v20/319205/annotation/319389","@type":"oa:Annotation"}],"label":"[2]","@id":"https://sammlung.volkskundemuseum.at/i3f/v20/319205/canvas/319389","@type":"sc:Canvas"}],"viewingHint":"paged","startCanvas":"https://sammlung.volkskundemuseum.at/i3f/v20/319205/canvas/319388","viewingDirection":"left-to-right","label":"Current Page Order","@context":"http://iiif.io/api/presentation/2/context.json","@id":"https://sammlung.volkskundemuseum.at/i3f/v20/319205/sequence/normal","@type":"sc:Sequence"}],"label":"\u00d6MV/26604: Bauchranzen mit Federkiel- und Goldstickerei","thumbnail":{"width":304,"height":35,"@id":"https://sammlung.volkskundemuseum.at/i3f/v21/319388/full/304/0/default.jpg","@type":"dctypes:Image","format":"image/jpeg"},"logo":{"@id":"https://sammlung.volkskundemuseum.at/domainresource/static/graphics/connectors/viewerLogo.gif","service":{"profile":"http://iiif.io/api/image/2/level2.json","@context":"http://iiif.io/api/image/2/context.json","@id":""}},"@context":"http://iiif.io/api/presentation/2/context.json","seeAlso":{"format":"application/xml","@id":"https://sammlung.volkskundemuseum.at/oai?verb=GetRecord&metadataPrefix=mets&identifier=319205","label":"METS"},"@id":"https://sammlung.volkskundemuseum.at/i3f/v20/319205/manifest","@type":"sc:Manifest","metadata":[{"value":"G\u00fcrtel aus Leder gen\u00e4ht, mit Federkiel- und Goldstickerei auf dem G\u00fcrtelblatt sowie auf dem G\u00fcrtelriemen und auf der G\u00fcrtelzunge. Die gravierte G\u00fcrtelschnalle mit einem Dorn ist aus Messing gefertigt. \rHinter dem G\u00fcrtelblatt befindet sich eine versteckte Tasche, welche durch den Knopf ge\u00f6ffnet und geschlossen werden kann. \rUmgangssprachlich wird ein G\u00fcrtel dieser Art als \u201eBlattlranzen\u201c bezeichnet. [Maria Raid]","label":"Beschreibung"},{"value":"Dorotheum (Kaiserlich-K\u00f6nigliches Versatz-, Verwahrungs- und Versteigerungsamt)","label":"Vorbesitzer:in"},{"value":"unbekannt","label":"Hersteller:in"},{"value":"Ober\u00f6sterreich (Herstellungsort)   ; [um 1850?] (Herstellungszeit)","label":"Entstehung"},{"value":"Steiermark (Verwendungsort)   ; um 1850-1911","label":"Verwendung"},{"value":"Leder ; Federkiel ; Baumwolle ; Gold ; Messing ; [Holz?]","label":"Material"},{"value":"Sticken ; N\u00e4hen ; gegossen (Metall) ; graviert (Metall) ; gedrechselt (Holz)","label":"Technik"},{"value":"L: 99,3 cm B: 9,7 cm","label":"Abmessungen"},{"value":"Objekt","label":"Objekttyp"},{"value":"Federkielg\u00fcrtel  ; Geldkatze  ; Objekt, m\u00e4nnlich gelesen","label":"Objektart"},{"value":"Gr\u00fcbl, Walter: Riemer Sattler Federkielsticker. Reith im Alpbachtal 2025.","label":"Weiterf\u00fchrende Informationen"},{"value":"\u00d6MV/26604","label":"Inventarnummer"},{"value":"Ankauf","label":"Erwerbungsart"}]}