{"viewingHint":"paged","service":[],"structures":[{"ranges":["https://sammlung.volkskundemuseum.at/i3f/v20/319197/range/319269","https://sammlung.volkskundemuseum.at/i3f/v20/319197/range/319270"],"viewingHint":"top","@id":"https://sammlung.volkskundemuseum.at/i3f/v20/319197/range/319197","@type":"sc:Range","label":"Table of Contents"},{"canvases":["https://sammlung.volkskundemuseum.at/i3f/v20/319197/canvas/319372"],"@id":"https://sammlung.volkskundemuseum.at/i3f/v20/319197/range/319269","@type":"sc:Range","label":"dig/14130: Volkskundemuseum Wien / Foto: Christa Knott"},{"canvases":["https://sammlung.volkskundemuseum.at/i3f/v20/319197/canvas/319373"],"@id":"https://sammlung.volkskundemuseum.at/i3f/v20/319197/range/319270","@type":"sc:Range","label":"dig/44659: Volkskundemuseum Wien / Foto: Pixelstorm, Wien"}],"sequences":[{"canvases":[{"height":919,"width":4993,"images":[{"resource":{"service":{"profile":"http://iiif.io/api/image/2/level2.json","@context":"http://iiif.io/api/image/2/context.json","@id":"https://sammlung.volkskundemuseum.at/i3f/v20/319372"},"format":"image/jpeg","height":184,"width":1000,"@id":"https://sammlung.volkskundemuseum.at/download/webcache/1000/319372","@type":"dctypes:Image"},"on":"https://sammlung.volkskundemuseum.at/i3f/v20/319197/canvas/319372","motivation":"sc:painting","@id":"https://sammlung.volkskundemuseum.at/i3f/v20/319197/annotation/319372","@type":"oa:Annotation"}],"label":"[1]","@id":"https://sammlung.volkskundemuseum.at/i3f/v20/319197/canvas/319372","@type":"sc:Canvas"},{"height":1661,"width":8933,"images":[{"resource":{"service":{"profile":"http://iiif.io/api/image/2/level2.json","@context":"http://iiif.io/api/image/2/context.json","@id":"https://sammlung.volkskundemuseum.at/i3f/v20/319373"},"format":"image/jpeg","height":185,"width":1000,"@id":"https://sammlung.volkskundemuseum.at/download/webcache/1000/319373","@type":"dctypes:Image"},"on":"https://sammlung.volkskundemuseum.at/i3f/v20/319197/canvas/319373","motivation":"sc:painting","@id":"https://sammlung.volkskundemuseum.at/i3f/v20/319197/annotation/319373","@type":"oa:Annotation"}],"label":"[2]","@id":"https://sammlung.volkskundemuseum.at/i3f/v20/319197/canvas/319373","@type":"sc:Canvas"}],"viewingHint":"paged","startCanvas":"https://sammlung.volkskundemuseum.at/i3f/v20/319197/canvas/319372","viewingDirection":"left-to-right","label":"Current Page Order","@context":"http://iiif.io/api/presentation/2/context.json","@id":"https://sammlung.volkskundemuseum.at/i3f/v20/319197/sequence/normal","@type":"sc:Sequence"}],"label":"\u00d6MV/19437: Bauchranzen mit Zinnnieten","thumbnail":{"width":304,"height":55,"@id":"https://sammlung.volkskundemuseum.at/i3f/v21/319372/full/304/0/default.jpg","@type":"dctypes:Image","format":"image/jpeg"},"logo":{"@id":"https://sammlung.volkskundemuseum.at/domainresource/static/graphics/connectors/viewerLogo.gif","service":{"profile":"http://iiif.io/api/image/2/level2.json","@context":"http://iiif.io/api/image/2/context.json","@id":""}},"@context":"http://iiif.io/api/presentation/2/context.json","seeAlso":{"format":"application/xml","@id":"https://sammlung.volkskundemuseum.at/oai?verb=GetRecord&metadataPrefix=mets&identifier=319197","label":"METS"},"@id":"https://sammlung.volkskundemuseum.at/i3f/v20/319197/manifest","@type":"sc:Manifest","metadata":[{"value":"G\u00fcrtel aus Leder gen\u00e4ht, G\u00fcrtelriemen mit Zinnnieten beschlagen und mit roten und gelben Lederapplikationen. Die G\u00fcrtelschnallen mit je einem Dorn sind aus Zinn gefertigt. Die unterste Schnalle fehlt. \rUmgangssprachlich wird ein G\u00fcrtel dieser Art als \u201eZinnn\u00e4gel-Fatsche\u201c, \u201eZinnstiftranzen\u201c, \u201eZinnfatsche\u201c, \u201eNagelbinde\u201c oder \u201eZinngurt\u201c bezeichnet. [Maria Raid]","label":"Beschreibung"},{"value":"Pichler, Gabriel","label":"Sammler:in"},{"value":"Pichler, Gabriel","label":"Vorbesitzer:in"},{"value":"unbekannt","label":"Hersteller:in"},{"value":"Salzburg (Bundesland) (Herstellungsort)   ; [2. H\u00e4lfte 18. Jh.?] (Herstellungszeit)","label":"Entstehung"},{"value":"Salzburg (Bundesland) (Verwendungsort)   ; bis 1908 (Zeitraum vor Erwerbung durch Museum)","label":"Verwendung"},{"value":"Leder ; Zinn ; Messing ; [Seide?]","label":"Material"},{"value":"beschlagen (Leder) ; Applikation ; N\u00e4hen ; gestanzt (Leder) ; gestanzt (Metall)","label":"Technik"},{"value":"L: 94,8 cm B: 13,6 cm","label":"Abmessungen"},{"value":"Objekt","label":"Objekttyp"},{"value":"Lederg\u00fcrtel mit Metallbeschlag  ; Objekt, m\u00e4nnlich gelesen","label":"Objektart"},{"value":"Gr\u00fcbl, Walter: Riemer Sattler Federkielsticker. Reith im Alpbachtal 2025.","label":"Weiterf\u00fchrende Informationen"},{"value":"Hempel, Gudrun: Zinn. Ger\u00e4t in Alltag und Brauch aus der Metallsammlung des \u00d6sterreichischen Museums f\u00fcr Volkskunde. Wien 1993, S. 78.","label":"Dokumentation"},{"value":"\u00d6MV/19437","label":"Inventarnummer"},{"value":"Ankauf","label":"Erwerbungsart"}]}