{"viewingHint":"paged","service":[],"structures":[{"ranges":["https://sammlung.volkskundemuseum.at/i3f/v20/319195/range/319265","https://sammlung.volkskundemuseum.at/i3f/v20/319195/range/319266"],"viewingHint":"top","@id":"https://sammlung.volkskundemuseum.at/i3f/v20/319195/range/319195","@type":"sc:Range","label":"Table of Contents"},{"canvases":["https://sammlung.volkskundemuseum.at/i3f/v20/319195/canvas/319368"],"@id":"https://sammlung.volkskundemuseum.at/i3f/v20/319195/range/319265","@type":"sc:Range","label":"dig/11750: Volkskundemuseum Wien / Foto: Christa Knott"},{"canvases":["https://sammlung.volkskundemuseum.at/i3f/v20/319195/canvas/319369"],"@id":"https://sammlung.volkskundemuseum.at/i3f/v20/319195/range/319266","@type":"sc:Range","label":"dig/44657: Volkskundemuseum Wien / Foto: Pixelstorm, Wien"}],"sequences":[{"canvases":[{"height":762,"width":5139,"images":[{"resource":{"service":{"profile":"http://iiif.io/api/image/2/level2.json","@context":"http://iiif.io/api/image/2/context.json","@id":"https://sammlung.volkskundemuseum.at/i3f/v20/319368"},"format":"image/jpeg","height":148,"width":1000,"@id":"https://sammlung.volkskundemuseum.at/download/webcache/1000/319368","@type":"dctypes:Image"},"on":"https://sammlung.volkskundemuseum.at/i3f/v20/319195/canvas/319368","motivation":"sc:painting","@id":"https://sammlung.volkskundemuseum.at/i3f/v20/319195/annotation/319368","@type":"oa:Annotation"}],"label":"[1]","@id":"https://sammlung.volkskundemuseum.at/i3f/v20/319195/canvas/319368","@type":"sc:Canvas"},{"height":1869,"width":10193,"images":[{"resource":{"service":{"profile":"http://iiif.io/api/image/2/level2.json","@context":"http://iiif.io/api/image/2/context.json","@id":"https://sammlung.volkskundemuseum.at/i3f/v20/319369"},"format":"image/jpeg","height":183,"width":1000,"@id":"https://sammlung.volkskundemuseum.at/download/webcache/1000/319369","@type":"dctypes:Image"},"on":"https://sammlung.volkskundemuseum.at/i3f/v20/319195/canvas/319369","motivation":"sc:painting","@id":"https://sammlung.volkskundemuseum.at/i3f/v20/319195/annotation/319369","@type":"oa:Annotation"}],"label":"[2]","@id":"https://sammlung.volkskundemuseum.at/i3f/v20/319195/canvas/319369","@type":"sc:Canvas"}],"viewingHint":"paged","startCanvas":"https://sammlung.volkskundemuseum.at/i3f/v20/319195/canvas/319368","viewingDirection":"left-to-right","label":"Current Page Order","@context":"http://iiif.io/api/presentation/2/context.json","@id":"https://sammlung.volkskundemuseum.at/i3f/v20/319195/sequence/normal","@type":"sc:Sequence"}],"label":"\u00d6MV/14005: Bauchranzen mit Federkielstickerei","thumbnail":{"width":304,"height":45,"@id":"https://sammlung.volkskundemuseum.at/i3f/v21/319368/full/304/0/default.jpg","@type":"dctypes:Image","format":"image/jpeg"},"logo":{"@id":"https://sammlung.volkskundemuseum.at/domainresource/static/graphics/connectors/viewerLogo.gif","service":{"profile":"http://iiif.io/api/image/2/level2.json","@context":"http://iiif.io/api/image/2/context.json","@id":""}},"@context":"http://iiif.io/api/presentation/2/context.json","seeAlso":{"format":"application/xml","@id":"https://sammlung.volkskundemuseum.at/oai?verb=GetRecord&metadataPrefix=mets&identifier=319195","label":"METS"},"@id":"https://sammlung.volkskundemuseum.at/i3f/v20/319195/manifest","@type":"sc:Manifest","metadata":[{"value":"G\u00fcrtel aus Leder gen\u00e4ht, mit Federkielstickerei und Pr\u00e4gung auf dem G\u00fcrtelblatt. Der G\u00fcrtelriemen ist mittig quer mit gr\u00fcn gef\u00e4rbtem Leder passepoiliert. Die G\u00fcrtelschnalle mit einem Dorn ist aus Messing gefertigt. \rHinter dem G\u00fcrtelblatt befindet sich eine versteckte, mit Leinen gef\u00fctterte Tasche, welche durch den Knopf ge\u00f6ffnet und geschlossen werden kann. \rUmgangssprachlich wird ein G\u00fcrtel dieser Art als \u201eBlattlranzen\u201c bezeichnet. [Maria Raid]","label":"Beschreibung"},{"value":"Schramek, Josef","label":"Sammler:in"},{"value":"Schramek, Josef","label":"Vorbesitzer:in"},{"value":"unbekannt","label":"Hersteller:in"},{"value":"Riesengebirge (Herstellungsort)   ; [19. Jh.?] (Herstellungszeit)","label":"Entstehung"},{"value":"Scheiben (Verwendungsort)  ; Gansau (Verwendungsort)  ; Winterberg (Verwendungsort)   ; bis 1904 (Zeitraum vor Erwerbung durch Museum)","label":"Verwendung"},{"value":"Leder ; Federkiel ; Messing ; Leinen","label":"Material"},{"value":"Sticken ; gepr\u00e4gt (Leder) ; Passepoil ; N\u00e4hen","label":"Technik"},{"value":"L: 110,5 cm B: 14 cm","label":"Abmessungen"},{"value":"Objekt","label":"Objekttyp"},{"value":"Federkielg\u00fcrtel  ; Geldkatze  ; Objekt, m\u00e4nnlich gelesen","label":"Objektart"},{"value":"Gr\u00fcbl, Walter: Riemer Sattler Federkielsticker. Reith im Alpbachtal 2025.","label":"Weiterf\u00fchrende Informationen"},{"value":"\u00d6MV/14005","label":"Inventarnummer"},{"value":"Ankauf","label":"Erwerbungsart"}]}