{"viewingHint":"paged","service":[],"structures":[{"ranges":["https://sammlung.volkskundemuseum.at/i3f/v20/319192/range/319259","https://sammlung.volkskundemuseum.at/i3f/v20/319192/range/319260"],"viewingHint":"top","@id":"https://sammlung.volkskundemuseum.at/i3f/v20/319192/range/319192","@type":"sc:Range","label":"Table of Contents"},{"canvases":["https://sammlung.volkskundemuseum.at/i3f/v20/319192/canvas/319362"],"@id":"https://sammlung.volkskundemuseum.at/i3f/v20/319192/range/319259","@type":"sc:Range","label":"dig/14126: Volkskundemuseum Wien / Foto: Christa Knott"},{"canvases":["https://sammlung.volkskundemuseum.at/i3f/v20/319192/canvas/319363"],"@id":"https://sammlung.volkskundemuseum.at/i3f/v20/319192/range/319260","@type":"sc:Range","label":"dig/44654: Volkskundemuseum Wien / Foto: Pixelstorm, Wien"}],"sequences":[{"canvases":[{"height":800,"width":4928,"images":[{"resource":{"service":{"profile":"http://iiif.io/api/image/2/level2.json","@context":"http://iiif.io/api/image/2/context.json","@id":"https://sammlung.volkskundemuseum.at/i3f/v20/319362"},"format":"image/jpeg","height":162,"width":1000,"@id":"https://sammlung.volkskundemuseum.at/download/webcache/1000/319362","@type":"dctypes:Image"},"on":"https://sammlung.volkskundemuseum.at/i3f/v20/319192/canvas/319362","motivation":"sc:painting","@id":"https://sammlung.volkskundemuseum.at/i3f/v20/319192/annotation/319362","@type":"oa:Annotation"}],"label":"[1]","@id":"https://sammlung.volkskundemuseum.at/i3f/v20/319192/canvas/319362","@type":"sc:Canvas"},{"height":1533,"width":8940,"images":[{"resource":{"service":{"profile":"http://iiif.io/api/image/2/level2.json","@context":"http://iiif.io/api/image/2/context.json","@id":"https://sammlung.volkskundemuseum.at/i3f/v20/319363"},"format":"image/jpeg","height":171,"width":1000,"@id":"https://sammlung.volkskundemuseum.at/download/webcache/1000/319363","@type":"dctypes:Image"},"on":"https://sammlung.volkskundemuseum.at/i3f/v20/319192/canvas/319363","motivation":"sc:painting","@id":"https://sammlung.volkskundemuseum.at/i3f/v20/319192/annotation/319363","@type":"oa:Annotation"}],"label":"[2]","@id":"https://sammlung.volkskundemuseum.at/i3f/v20/319192/canvas/319363","@type":"sc:Canvas"}],"viewingHint":"paged","startCanvas":"https://sammlung.volkskundemuseum.at/i3f/v20/319192/canvas/319362","viewingDirection":"left-to-right","label":"Current Page Order","@context":"http://iiif.io/api/presentation/2/context.json","@id":"https://sammlung.volkskundemuseum.at/i3f/v20/319192/sequence/normal","@type":"sc:Sequence"}],"label":"\u00d6MV/12068: Bauchranzen mit Zinnnieten","thumbnail":{"width":304,"height":49,"@id":"https://sammlung.volkskundemuseum.at/i3f/v21/319362/full/304/0/default.jpg","@type":"dctypes:Image","format":"image/jpeg"},"logo":{"@id":"https://sammlung.volkskundemuseum.at/domainresource/static/graphics/connectors/viewerLogo.gif","service":{"profile":"http://iiif.io/api/image/2/level2.json","@context":"http://iiif.io/api/image/2/context.json","@id":""}},"@context":"http://iiif.io/api/presentation/2/context.json","seeAlso":{"format":"application/xml","@id":"https://sammlung.volkskundemuseum.at/oai?verb=GetRecord&metadataPrefix=mets&identifier=319192","label":"METS"},"@id":"https://sammlung.volkskundemuseum.at/i3f/v20/319192/manifest","@type":"sc:Manifest","metadata":[{"value":"G\u00fcrtel aus Leder gen\u00e4ht, G\u00fcrtelriemen mit Zinnnieten beschlagen und mit gelben, roten und gr\u00fcnen Lederapplikationen. Die drei G\u00fcrtelschnallen mit je einem Dorn sind aus Messing gefertigt. Die oberste Schnalle wurde vermutlich sp\u00e4ter ersetzt. \rUmgangssprachlich wird ein G\u00fcrtel dieser Art als \u201eZinnn\u00e4gel-Fatsche\u201c, \u201eZinnstiftranzen\u201c, \u201eZinnfatsche\u201c, \u201eNagelbinde\u201c oder \u201eZinngurt\u201c bezeichnet. [Maria Raid]","label":"Beschreibung"},{"value":"Edmund (Herr)","label":"Vorbesitzer:in"},{"value":"unbekannt","label":"Hersteller:in"},{"value":"Tirol (Herstellungsort)   ; 1767 (Herstellungszeit, datiert)","label":"Entstehung"},{"value":"Gaschurn (Verwendungsort)   ; 1767-1900","label":"Verwendung"},{"value":"Leder ; Messing ; Zinn","label":"Material"},{"value":"beschlagen (Leder) ; Applikation ; N\u00e4hen ; gegossen (Metall)","label":"Technik"},{"value":"L: 95,3 cm B: 10,7 cm","label":"Abmessungen"},{"value":"Objekt","label":"Objekttyp"},{"value":"Lederg\u00fcrtel mit Metallbeschlag  ; Objekt, m\u00e4nnlich gelesen","label":"Objektart"},{"value":"Gr\u00fcbl, Walter: Riemer Sattler Federkielsticker. Reith im Alpbachtal 2025.","label":"Weiterf\u00fchrende Informationen"},{"value":"\u00d6MV/12068","label":"Inventarnummer"},{"value":"1 7 /// 6 7","label":"Inschrift / Aufschrift"},{"value":"Ankauf","label":"Erwerbungsart"}]}