{"viewingHint":"paged","service":[],"structures":[{"ranges":["https://sammlung.volkskundemuseum.at/i3f/v20/319191/range/319257","https://sammlung.volkskundemuseum.at/i3f/v20/319191/range/319258"],"viewingHint":"top","@id":"https://sammlung.volkskundemuseum.at/i3f/v20/319191/range/319191","@type":"sc:Range","label":"Table of Contents"},{"canvases":["https://sammlung.volkskundemuseum.at/i3f/v20/319191/canvas/319360"],"@id":"https://sammlung.volkskundemuseum.at/i3f/v20/319191/range/319257","@type":"sc:Range","label":"dig/11548: Volkskundemuseum Wien / Foto: Christa Knott"},{"canvases":["https://sammlung.volkskundemuseum.at/i3f/v20/319191/canvas/319361"],"@id":"https://sammlung.volkskundemuseum.at/i3f/v20/319191/range/319258","@type":"sc:Range","label":"dig/44653: Volkskundemuseum Wien / Foto: Pixelstorm, Wien"}],"sequences":[{"canvases":[{"height":535,"width":4950,"images":[{"resource":{"service":{"profile":"http://iiif.io/api/image/2/level2.json","@context":"http://iiif.io/api/image/2/context.json","@id":"https://sammlung.volkskundemuseum.at/i3f/v20/319360"},"format":"image/jpeg","height":108,"width":1000,"@id":"https://sammlung.volkskundemuseum.at/download/webcache/1000/319360","@type":"dctypes:Image"},"on":"https://sammlung.volkskundemuseum.at/i3f/v20/319191/canvas/319360","motivation":"sc:painting","@id":"https://sammlung.volkskundemuseum.at/i3f/v20/319191/annotation/319360","@type":"oa:Annotation"}],"label":"[1]","@id":"https://sammlung.volkskundemuseum.at/i3f/v20/319191/canvas/319360","@type":"sc:Canvas"},{"height":1362,"width":8740,"images":[{"resource":{"service":{"profile":"http://iiif.io/api/image/2/level2.json","@context":"http://iiif.io/api/image/2/context.json","@id":"https://sammlung.volkskundemuseum.at/i3f/v20/319361"},"format":"image/jpeg","height":155,"width":1000,"@id":"https://sammlung.volkskundemuseum.at/download/webcache/1000/319361","@type":"dctypes:Image"},"on":"https://sammlung.volkskundemuseum.at/i3f/v20/319191/canvas/319361","motivation":"sc:painting","@id":"https://sammlung.volkskundemuseum.at/i3f/v20/319191/annotation/319361","@type":"oa:Annotation"}],"label":"[2]","@id":"https://sammlung.volkskundemuseum.at/i3f/v20/319191/canvas/319361","@type":"sc:Canvas"}],"viewingHint":"paged","startCanvas":"https://sammlung.volkskundemuseum.at/i3f/v20/319191/canvas/319360","viewingDirection":"left-to-right","label":"Current Page Order","@context":"http://iiif.io/api/presentation/2/context.json","@id":"https://sammlung.volkskundemuseum.at/i3f/v20/319191/sequence/normal","@type":"sc:Sequence"}],"label":"\u00d6MV/11635: Bauchranzen mit Zinnnieten","thumbnail":{"width":304,"height":32,"@id":"https://sammlung.volkskundemuseum.at/i3f/v21/319360/full/304/0/default.jpg","@type":"dctypes:Image","format":"image/jpeg"},"logo":{"@id":"https://sammlung.volkskundemuseum.at/domainresource/static/graphics/connectors/viewerLogo.gif","service":{"profile":"http://iiif.io/api/image/2/level2.json","@context":"http://iiif.io/api/image/2/context.json","@id":""}},"@context":"http://iiif.io/api/presentation/2/context.json","seeAlso":{"format":"application/xml","@id":"https://sammlung.volkskundemuseum.at/oai?verb=GetRecord&metadataPrefix=mets&identifier=319191","label":"METS"},"@id":"https://sammlung.volkskundemuseum.at/i3f/v20/319191/manifest","@type":"sc:Manifest","metadata":[{"value":"G\u00fcrtel aus Leder gen\u00e4ht, G\u00fcrtelriemen mit gr\u00fcner Lederapplikation hinterlegt und mit Zinnnieten beschlagen sowie mit Zirmstickerei an Ober- und Unterkante. Die G\u00fcrtelschnalle mit einem Dorn ist aus Zinn gefertigt. \rUmgangssprachlich wird ein G\u00fcrtel dieser Art als \u201eZinnn\u00e4gel-Fatsche\u201c, \u201eZinnstiftranzen\u201c, \u201eZinnfatsche\u201c, \u201eNagelbinde\u201c oder \u201eZinngurt\u201c bezeichnet. [Maria Raid]","label":"Beschreibung"},{"value":"Gr\u00fcnbaum, Wilhelm","label":"Sammler:in"},{"value":"Gr\u00fcnbaum, Wilhelm","label":"Vorbesitzer:in"},{"value":"unbekannt","label":"Hersteller:in"},{"value":"Bayern (Herstellungsort)   ; [2. H\u00e4lfte 18. Jh.?] (Herstellungszeit)","label":"Entstehung"},{"value":"Goldenstein (Verwendungsort)   ; Hirschberg (Verwendungsort)  ; bis 1899 (Zeitraum vor Erwerbung durch Museum)","label":"Verwendung"},{"value":"Leder ; Zinn ; Messing ; Metall","label":"Material"},{"value":"Sticken ; Applikation ; N\u00e4hen ; gegossen (Metall)","label":"Technik"},{"value":"L: 93,3 cm B: 6,7 cm","label":"Abmessungen"},{"value":"Objekt","label":"Objekttyp"},{"value":"Lederg\u00fcrtel mit Metallbeschlag  ; Objekt, m\u00e4nnlich gelesen","label":"Objektart"},{"value":"Gr\u00fcbl, Walter: Riemer Sattler Federkielsticker. Reith im Alpbachtal 2025.","label":"Weiterf\u00fchrende Informationen"},{"value":"\u00d6MV/11635","label":"Inventarnummer"},{"value":"I E /// S V [Jesu]","label":"Inschrift / Aufschrift"},{"value":"Ankauf","label":"Erwerbungsart"}]}