{"viewingHint":"paged","service":[],"structures":[{"ranges":["https://sammlung.volkskundemuseum.at/i3f/v20/319177/range/319229","https://sammlung.volkskundemuseum.at/i3f/v20/319177/range/319230"],"viewingHint":"top","@id":"https://sammlung.volkskundemuseum.at/i3f/v20/319177/range/319177","@type":"sc:Range","label":"Table of Contents"},{"canvases":["https://sammlung.volkskundemuseum.at/i3f/v20/319177/canvas/319332"],"@id":"https://sammlung.volkskundemuseum.at/i3f/v20/319177/range/319229","@type":"sc:Range","label":"dig/44637: Volkskundemuseum Wien / Foto: Pixelstorm, Wien"},{"canvases":["https://sammlung.volkskundemuseum.at/i3f/v20/319177/canvas/319333"],"@id":"https://sammlung.volkskundemuseum.at/i3f/v20/319177/range/319230","@type":"sc:Range","label":"dig/44638: Volkskundemuseum Wien / Foto: Pixelstorm, Wien"}],"sequences":[{"canvases":[{"height":1636,"width":8237,"images":[{"resource":{"service":{"profile":"http://iiif.io/api/image/2/level2.json","@context":"http://iiif.io/api/image/2/context.json","@id":"https://sammlung.volkskundemuseum.at/i3f/v20/319332"},"format":"image/jpeg","height":198,"width":1000,"@id":"https://sammlung.volkskundemuseum.at/download/webcache/1000/319332","@type":"dctypes:Image"},"on":"https://sammlung.volkskundemuseum.at/i3f/v20/319177/canvas/319332","motivation":"sc:painting","@id":"https://sammlung.volkskundemuseum.at/i3f/v20/319177/annotation/319332","@type":"oa:Annotation"}],"label":"[1]","@id":"https://sammlung.volkskundemuseum.at/i3f/v20/319177/canvas/319332","@type":"sc:Canvas"},{"height":1689,"width":8167,"images":[{"resource":{"service":{"profile":"http://iiif.io/api/image/2/level2.json","@context":"http://iiif.io/api/image/2/context.json","@id":"https://sammlung.volkskundemuseum.at/i3f/v20/319333"},"format":"image/jpeg","height":206,"width":1000,"@id":"https://sammlung.volkskundemuseum.at/download/webcache/1000/319333","@type":"dctypes:Image"},"on":"https://sammlung.volkskundemuseum.at/i3f/v20/319177/canvas/319333","motivation":"sc:painting","@id":"https://sammlung.volkskundemuseum.at/i3f/v20/319177/annotation/319333","@type":"oa:Annotation"}],"label":"[2]","@id":"https://sammlung.volkskundemuseum.at/i3f/v20/319177/canvas/319333","@type":"sc:Canvas"}],"viewingHint":"paged","startCanvas":"https://sammlung.volkskundemuseum.at/i3f/v20/319177/canvas/319332","viewingDirection":"left-to-right","label":"Current Page Order","@context":"http://iiif.io/api/presentation/2/context.json","@id":"https://sammlung.volkskundemuseum.at/i3f/v20/319177/sequence/normal","@type":"sc:Sequence"}],"label":"\u00d6MV/2000: Ensemble: Bauchranzen mit Federkielstickerei","thumbnail":{"width":304,"height":60,"@id":"https://sammlung.volkskundemuseum.at/i3f/v21/319332/full/304/0/default.jpg","@type":"dctypes:Image","format":"image/jpeg"},"logo":{"@id":"https://sammlung.volkskundemuseum.at/domainresource/static/graphics/connectors/viewerLogo.gif","service":{"profile":"http://iiif.io/api/image/2/level2.json","@context":"http://iiif.io/api/image/2/context.json","@id":""}},"@context":"http://iiif.io/api/presentation/2/context.json","seeAlso":{"format":"application/xml","@id":"https://sammlung.volkskundemuseum.at/oai?verb=GetRecord&metadataPrefix=mets&identifier=319177","label":"METS"},"@id":"https://sammlung.volkskundemuseum.at/i3f/v20/319177/manifest","@type":"sc:Manifest","metadata":[{"value":"G\u00fcrtel aus Leder gen\u00e4ht, mit Federkielstickerei auf dem G\u00fcrtelriemen, auf den G\u00fcrtelschlaufen und auf der G\u00fcrtelzunge. Teile des G\u00fcrtels sind mit rotem Leder passepoiliert. Die gravierte G\u00fcrtelschnalle mit einem Dorn ist aus Messing gefertigt. \rUmgangssprachlich wird ein G\u00fcrtel dieser Art als \u201eSchlauchfatsche\u201c bezeichnet. \rDieser Bauchranzen ist Teil eines Ensembles, das au\u00dferdem aus Hemd, Hose, Hosentr\u00e4gern, Weste, Seidentuch, Rock, Hut sowie jeweils einem Paar Socken und Schuhen besteht. [Maria Raid]","label":"Beschreibung"},{"value":"[Rainer, Alois?]","label":"Vorbesitzer:in"},{"value":"unbekannt","label":"Hersteller:in"},{"value":"Osttirol (Herstellungsort)   ; [19. Jh.?] (Herstellungszeit)","label":"Entstehung"},{"value":"Passeiertal (Verwendungsort)   ; bis 1896 (Zeitraum vor Erwerbung durch Museum)","label":"Verwendung"},{"value":"Leder ; Federkiel ; Leinen ; Messing","label":"Material"},{"value":"Sticken ; Passepoil ; N\u00e4hen ; graviert (Metall)","label":"Technik"},{"value":"L mit Schnalle: 88 cm B: 12,7 cm","label":"Abmessungen"},{"value":"Objekt","label":"Objekttyp"},{"value":"Ensemble  ; Federkielg\u00fcrtel  ; Geldkatze  ; Objekt, m\u00e4nnlich gelesen","label":"Objektart"},{"value":"Gr\u00fcbl, Walter: Riemer Sattler Federkielsticker. Reith im Alpbachtal 2025.","label":"Weiterf\u00fchrende Informationen"},{"value":"\u00d6MV/2000","label":"Inventarnummer"},{"value":"Maria /// Jesus","label":"Inschrift / Aufschrift"},{"value":"unbekannt","label":"Erwerbungsart"}]}