{"viewingHint":"paged","service":[],"structures":[{"ranges":["https://sammlung.volkskundemuseum.at/i3f/v20/319175/range/319225","https://sammlung.volkskundemuseum.at/i3f/v20/319175/range/319226"],"viewingHint":"top","@id":"https://sammlung.volkskundemuseum.at/i3f/v20/319175/range/319175","@type":"sc:Range","label":"Table of Contents"},{"canvases":["https://sammlung.volkskundemuseum.at/i3f/v20/319175/canvas/319328"],"@id":"https://sammlung.volkskundemuseum.at/i3f/v20/319175/range/319225","@type":"sc:Range","label":"dig/11527: Volkskundemuseum Wien / Foto: Christa Knott"},{"canvases":["https://sammlung.volkskundemuseum.at/i3f/v20/319175/canvas/319329"],"@id":"https://sammlung.volkskundemuseum.at/i3f/v20/319175/range/319226","@type":"sc:Range","label":"dig/44635: Volkskundemuseum Wien / Foto: Pixelstorm, Wien"}],"sequences":[{"canvases":[{"height":811,"width":4870,"images":[{"resource":{"service":{"profile":"http://iiif.io/api/image/2/level2.json","@context":"http://iiif.io/api/image/2/context.json","@id":"https://sammlung.volkskundemuseum.at/i3f/v20/319328"},"format":"image/jpeg","height":166,"width":1000,"@id":"https://sammlung.volkskundemuseum.at/download/webcache/1000/319328","@type":"dctypes:Image"},"on":"https://sammlung.volkskundemuseum.at/i3f/v20/319175/canvas/319328","motivation":"sc:painting","@id":"https://sammlung.volkskundemuseum.at/i3f/v20/319175/annotation/319328","@type":"oa:Annotation"}],"label":"[1]","@id":"https://sammlung.volkskundemuseum.at/i3f/v20/319175/canvas/319328","@type":"sc:Canvas"},{"height":2102,"width":9744,"images":[{"resource":{"service":{"profile":"http://iiif.io/api/image/2/level2.json","@context":"http://iiif.io/api/image/2/context.json","@id":"https://sammlung.volkskundemuseum.at/i3f/v20/319329"},"format":"image/jpeg","height":215,"width":1000,"@id":"https://sammlung.volkskundemuseum.at/download/webcache/1000/319329","@type":"dctypes:Image"},"on":"https://sammlung.volkskundemuseum.at/i3f/v20/319175/canvas/319329","motivation":"sc:painting","@id":"https://sammlung.volkskundemuseum.at/i3f/v20/319175/annotation/319329","@type":"oa:Annotation"}],"label":"[2]","@id":"https://sammlung.volkskundemuseum.at/i3f/v20/319175/canvas/319329","@type":"sc:Canvas"}],"viewingHint":"paged","startCanvas":"https://sammlung.volkskundemuseum.at/i3f/v20/319175/canvas/319328","viewingDirection":"left-to-right","label":"Current Page Order","@context":"http://iiif.io/api/presentation/2/context.json","@id":"https://sammlung.volkskundemuseum.at/i3f/v20/319175/sequence/normal","@type":"sc:Sequence"}],"label":"\u00d6MV/562: Bauchranzen mit Zinnnieten","thumbnail":{"width":304,"height":50,"@id":"https://sammlung.volkskundemuseum.at/i3f/v21/319328/full/304/0/default.jpg","@type":"dctypes:Image","format":"image/jpeg"},"logo":{"@id":"https://sammlung.volkskundemuseum.at/domainresource/static/graphics/connectors/viewerLogo.gif","service":{"profile":"http://iiif.io/api/image/2/level2.json","@context":"http://iiif.io/api/image/2/context.json","@id":""}},"@context":"http://iiif.io/api/presentation/2/context.json","seeAlso":{"format":"application/xml","@id":"https://sammlung.volkskundemuseum.at/oai?verb=GetRecord&metadataPrefix=mets&identifier=319175","label":"METS"},"@id":"https://sammlung.volkskundemuseum.at/i3f/v20/319175/manifest","@type":"sc:Manifest","metadata":[{"value":"G\u00fcrtel aus Leder gen\u00e4ht, G\u00fcrtelriemen mit Zinnnieten beschlagen und mit gelben und gr\u00fcnen Lederapplikationen sowie mit Zirmstickerei an Ober- und Unterkante. Die zwei gravierten G\u00fcrtelschnallen mit je einem Dorn sind aus Metall gefertigt. \rUmgangssprachlich wird ein G\u00fcrtel dieser Art als \u201eZinnn\u00e4gel-Fatsche\u201c, \u201eZinnstiftranzen\u201c, \u201eZinnfatsche\u201c, \u201eNagelbinde\u201c oder \u201eZinngurt\u201c bezeichnet. [Maria Raid]","label":"Beschreibung"},{"value":"unbekannt","label":"Hersteller:in"},{"value":"unbekannt (Herstellungsort)  ; [Ende 18. Jh.?] (Herstellungszeit)","label":"Entstehung"},{"value":"Salzburg (Bundesland) (Verwendungsort)   ; bis 1895 (Zeitraum vor Erwerbung durch Museum)","label":"Verwendung"},{"value":"Leder ; Zinn ; Metall","label":"Material"},{"value":"beschlagen (Leder) ; Applikation ; Sticken ; N\u00e4hen ; gestanzt (Metall) ; graviert (Metall)","label":"Technik"},{"value":"L: 98 cm B: 14 cm","label":"Abmessungen"},{"value":"Objekt","label":"Objekttyp"},{"value":"Lederg\u00fcrtel mit Metallbeschlag  ; Objekt, m\u00e4nnlich gelesen","label":"Objektart"},{"value":"Gr\u00fcbl, Walter: Riemer Sattler Federkielsticker. Reith im Alpbachtal 2025.","label":"Weiterf\u00fchrende Informationen"},{"value":"\u00d6MV/562","label":"Inventarnummer"},{"value":"unbekannt","label":"Erwerbungsart"}]}