{"viewingHint":"paged","service":[],"structures":[{"ranges":["https://sammlung.volkskundemuseum.at/i3f/v20/319174/range/319223","https://sammlung.volkskundemuseum.at/i3f/v20/319174/range/319224"],"viewingHint":"top","@id":"https://sammlung.volkskundemuseum.at/i3f/v20/319174/range/319174","@type":"sc:Range","label":"Table of Contents"},{"canvases":["https://sammlung.volkskundemuseum.at/i3f/v20/319174/canvas/319326"],"@id":"https://sammlung.volkskundemuseum.at/i3f/v20/319174/range/319223","@type":"sc:Range","label":"dig/11539: Volkskundemuseum Wien / Foto: Christa Knott"},{"canvases":["https://sammlung.volkskundemuseum.at/i3f/v20/319174/canvas/319327"],"@id":"https://sammlung.volkskundemuseum.at/i3f/v20/319174/range/319224","@type":"sc:Range","label":"dig/44634: Volkskundemuseum Wien / Foto: Pixelstorm, Wien"}],"sequences":[{"canvases":[{"height":640,"width":4959,"images":[{"resource":{"service":{"profile":"http://iiif.io/api/image/2/level2.json","@context":"http://iiif.io/api/image/2/context.json","@id":"https://sammlung.volkskundemuseum.at/i3f/v20/319326"},"format":"image/jpeg","height":129,"width":1000,"@id":"https://sammlung.volkskundemuseum.at/download/webcache/1000/319326","@type":"dctypes:Image"},"on":"https://sammlung.volkskundemuseum.at/i3f/v20/319174/canvas/319326","motivation":"sc:painting","@id":"https://sammlung.volkskundemuseum.at/i3f/v20/319174/annotation/319326","@type":"oa:Annotation"}],"label":"[1]","@id":"https://sammlung.volkskundemuseum.at/i3f/v20/319174/canvas/319326","@type":"sc:Canvas"},{"height":1777,"width":9565,"images":[{"resource":{"service":{"profile":"http://iiif.io/api/image/2/level2.json","@context":"http://iiif.io/api/image/2/context.json","@id":"https://sammlung.volkskundemuseum.at/i3f/v20/319327"},"format":"image/jpeg","height":185,"width":1000,"@id":"https://sammlung.volkskundemuseum.at/download/webcache/1000/319327","@type":"dctypes:Image"},"on":"https://sammlung.volkskundemuseum.at/i3f/v20/319174/canvas/319327","motivation":"sc:painting","@id":"https://sammlung.volkskundemuseum.at/i3f/v20/319174/annotation/319327","@type":"oa:Annotation"}],"label":"[2]","@id":"https://sammlung.volkskundemuseum.at/i3f/v20/319174/canvas/319327","@type":"sc:Canvas"}],"viewingHint":"paged","startCanvas":"https://sammlung.volkskundemuseum.at/i3f/v20/319174/canvas/319326","viewingDirection":"left-to-right","label":"Current Page Order","@context":"http://iiif.io/api/presentation/2/context.json","@id":"https://sammlung.volkskundemuseum.at/i3f/v20/319174/sequence/normal","@type":"sc:Sequence"}],"label":"\u00d6MV/355: Bauchranzen mit Zinnnieten","thumbnail":{"width":304,"height":39,"@id":"https://sammlung.volkskundemuseum.at/i3f/v21/319326/full/304/0/default.jpg","@type":"dctypes:Image","format":"image/jpeg"},"logo":{"@id":"https://sammlung.volkskundemuseum.at/domainresource/static/graphics/connectors/viewerLogo.gif","service":{"profile":"http://iiif.io/api/image/2/level2.json","@context":"http://iiif.io/api/image/2/context.json","@id":""}},"@context":"http://iiif.io/api/presentation/2/context.json","seeAlso":{"format":"application/xml","@id":"https://sammlung.volkskundemuseum.at/oai?verb=GetRecord&metadataPrefix=mets&identifier=319174","label":"METS"},"@id":"https://sammlung.volkskundemuseum.at/i3f/v20/319174/manifest","@type":"sc:Manifest","metadata":[{"value":"G\u00fcrtel aus Leder gen\u00e4ht, G\u00fcrtelriemen mit Zinnnieten beschlagen und mit Zirmstickerei einfasst. Die zwei G\u00fcrtelschnallen mit je einem Dorn sind aus Messing gefertigt. \rUmgangssprachlich wird ein G\u00fcrtel dieser Art als \u201eZinnn\u00e4gel-Fatsche\u201c, \u201eZinnstiftranzen\u201c, \u201eZinnfatsche\u201c, \u201eNagelbinde\u201c oder \u201eZinngurt\u201c bezeichnet. [Maria Raid]","label":"Beschreibung"},{"value":"Nunwarz, Adolf","label":"Sammler:in"},{"value":"unbekannt","label":"Hersteller:in"},{"value":"unbekannt (Herstellungsort)  ; [18. Jh.?] (Herstellungszeit)","label":"Entstehung"},{"value":"Haag am Hausruck (Verwendungsort)   ; bis 1895 (Zeitraum vor Erwerbung durch Museum)","label":"Verwendung"},{"value":"Leder ; Zinn ; Messing ; Eisen","label":"Material"},{"value":"beschlagen (Leder) ; Sticken ; N\u00e4hen ; gestanzt (Metall)","label":"Technik"},{"value":"L: 103 cm B: 10,5 cm","label":"Abmessungen"},{"value":"Objekt","label":"Objekttyp"},{"value":"Lederg\u00fcrtel mit Metallbeschlag  ; Objekt, m\u00e4nnlich gelesen","label":"Objektart"},{"value":"Gr\u00fcbl, Walter: Riemer Sattler Federkielsticker. Reith im Alpbachtal 2025.","label":"Weiterf\u00fchrende Informationen"},{"value":"\u00d6MV/355","label":"Inventarnummer"},{"value":"Schenkung","label":"Erwerbungsart"}]}