{"viewingHint":"paged","service":[],"structures":[{"ranges":["https://sammlung.volkskundemuseum.at/i3f/v20/318907/range/319001","https://sammlung.volkskundemuseum.at/i3f/v20/318907/range/319002"],"viewingHint":"top","@id":"https://sammlung.volkskundemuseum.at/i3f/v20/318907/range/318907","@type":"sc:Range","label":"Table of Contents"},{"canvases":["https://sammlung.volkskundemuseum.at/i3f/v20/318907/canvas/319100"],"@id":"https://sammlung.volkskundemuseum.at/i3f/v20/318907/range/319001","@type":"sc:Range","label":"dig/40846: Volkskundemuseum Wien"},{"canvases":["https://sammlung.volkskundemuseum.at/i3f/v20/318907/canvas/319101"],"@id":"https://sammlung.volkskundemuseum.at/i3f/v20/318907/range/319002","@type":"sc:Range","label":"dig/40847: Volkskundemuseum Wien"}],"sequences":[{"canvases":[{"height":1929,"width":9693,"images":[{"resource":{"service":{"profile":"http://iiif.io/api/image/2/level2.json","@context":"http://iiif.io/api/image/2/context.json","@id":"https://sammlung.volkskundemuseum.at/i3f/v20/319100"},"format":"image/jpeg","height":199,"width":1000,"@id":"https://sammlung.volkskundemuseum.at/download/webcache/1000/319100","@type":"dctypes:Image"},"on":"https://sammlung.volkskundemuseum.at/i3f/v20/318907/canvas/319100","motivation":"sc:painting","@id":"https://sammlung.volkskundemuseum.at/i3f/v20/318907/annotation/319100","@type":"oa:Annotation"}],"label":"[1]","@id":"https://sammlung.volkskundemuseum.at/i3f/v20/318907/canvas/319100","@type":"sc:Canvas"},{"height":1928,"width":9693,"images":[{"resource":{"service":{"profile":"http://iiif.io/api/image/2/level2.json","@context":"http://iiif.io/api/image/2/context.json","@id":"https://sammlung.volkskundemuseum.at/i3f/v20/319101"},"format":"image/jpeg","height":198,"width":1000,"@id":"https://sammlung.volkskundemuseum.at/download/webcache/1000/319101","@type":"dctypes:Image"},"on":"https://sammlung.volkskundemuseum.at/i3f/v20/318907/canvas/319101","motivation":"sc:painting","@id":"https://sammlung.volkskundemuseum.at/i3f/v20/318907/annotation/319101","@type":"oa:Annotation"}],"label":"[2]","@id":"https://sammlung.volkskundemuseum.at/i3f/v20/318907/canvas/319101","@type":"sc:Canvas"}],"viewingHint":"paged","startCanvas":"https://sammlung.volkskundemuseum.at/i3f/v20/318907/canvas/319100","viewingDirection":"left-to-right","label":"Current Page Order","@context":"http://iiif.io/api/presentation/2/context.json","@id":"https://sammlung.volkskundemuseum.at/i3f/v20/318907/sequence/normal","@type":"sc:Sequence"}],"label":"\u00d6MV/78803/002: Kleidungsfragment, bestickt","thumbnail":{"width":304,"height":60,"@id":"https://sammlung.volkskundemuseum.at/i3f/v21/319100/full/304/0/default.jpg","@type":"dctypes:Image","format":"image/jpeg"},"logo":{"@id":"https://sammlung.volkskundemuseum.at/domainresource/static/graphics/connectors/viewerLogo.gif","service":{"profile":"http://iiif.io/api/image/2/level2.json","@context":"http://iiif.io/api/image/2/context.json","@id":""}},"@context":"http://iiif.io/api/presentation/2/context.json","seeAlso":{"format":"application/xml","@id":"https://sammlung.volkskundemuseum.at/oai?verb=GetRecord&metadataPrefix=mets&identifier=318907","label":"METS"},"@id":"https://sammlung.volkskundemuseum.at/i3f/v20/318907/manifest","@type":"sc:Manifest","metadata":[{"value":"Gewebter Baumwollstoff mit Seidengarn bestickt (Plattstich, Lochstickerei mit Spitzenstichf\u00fcllungen), aus einem Kleidungsst\u00fcck ausgeschnitten. An einer L\u00e4ngsseite nach hinten umgebogen, so dass der Stoff die Lochstickerei unterlegt, und festgen\u00e4ht. [Kathrin Pallestrang]","label":"Beschreibung"},{"value":"Fl\u00f6ge, Emilie","label":"Sammler:in"},{"value":"unbekannt","label":"Hersteller:in"},{"value":"Pie\u0161\u0165any (Herstellungsort)   ; um 1900 (Herstellungszeit)","label":"Entstehung"},{"value":"Pie\u0161\u0165any (Verwendungsort)   ; Wien (Verwendungsort)   ; um 1900","label":"Verwendung"},{"value":"Baumwolle ; Seide","label":"Material"},{"value":"Weben ; Sticken ; N\u00e4hen","label":"Technik"},{"value":"L: 38 cm B: 6 cm","label":"Abmessungen"},{"value":"Objekt","label":"Objekttyp"},{"value":"Fragment, textil","label":"Objektart"},{"value":"Pallestrang, Kathrin: Die Textilmustersammlung Emilie Fl\u00f6ge im \u00d6sterreichischen Museum f\u00fcr Volkskunde. 2. Auflage. Wien 2015 (= Objekte im Fokus 2).","label":"Weiterf\u00fchrende Informationen"},{"value":"Pallestrang, Kathrin: Die Textilmustersammlung Emilie Fl\u00f6ge im \u00d6sterreichischen Museum f\u00fcr Volkskunde. 2. Auflage. Wien 2015 (= Objekte im Fokus 2), S. 58, Kat.Nr. 2.87 und Abb. 2.87.","label":"Dokumentation"},{"value":"\u00d6MV/78803/002","label":"Inventarnummer"},{"value":"Ankauf","label":"Erwerbungsart"}]}