{"viewingHint":"paged","service":[],"structures":[{"ranges":["https://sammlung.volkskundemuseum.at/i3f/v20/318906/range/318999","https://sammlung.volkskundemuseum.at/i3f/v20/318906/range/319000"],"viewingHint":"top","@id":"https://sammlung.volkskundemuseum.at/i3f/v20/318906/range/318906","@type":"sc:Range","label":"Table of Contents"},{"canvases":["https://sammlung.volkskundemuseum.at/i3f/v20/318906/canvas/319098"],"@id":"https://sammlung.volkskundemuseum.at/i3f/v20/318906/range/318999","@type":"sc:Range","label":"dig/40892: Volkskundemuseum Wien / Foto: Pixelstorm, Wien"},{"canvases":["https://sammlung.volkskundemuseum.at/i3f/v20/318906/canvas/319099"],"@id":"https://sammlung.volkskundemuseum.at/i3f/v20/318906/range/319000","@type":"sc:Range","label":"dig/40893: Volkskundemuseum Wien / Foto: Pixelstorm, Wien"}],"sequences":[{"canvases":[{"height":1231,"width":2139,"images":[{"resource":{"service":{"profile":"http://iiif.io/api/image/2/level2.json","@context":"http://iiif.io/api/image/2/context.json","@id":"https://sammlung.volkskundemuseum.at/i3f/v20/319098"},"format":"image/jpeg","height":575,"width":1000,"@id":"https://sammlung.volkskundemuseum.at/download/webcache/1000/319098","@type":"dctypes:Image"},"on":"https://sammlung.volkskundemuseum.at/i3f/v20/318906/canvas/319098","motivation":"sc:painting","@id":"https://sammlung.volkskundemuseum.at/i3f/v20/318906/annotation/319098","@type":"oa:Annotation"}],"label":"[1]","@id":"https://sammlung.volkskundemuseum.at/i3f/v20/318906/canvas/319098","@type":"sc:Canvas"},{"height":1457,"width":2366,"images":[{"resource":{"service":{"profile":"http://iiif.io/api/image/2/level2.json","@context":"http://iiif.io/api/image/2/context.json","@id":"https://sammlung.volkskundemuseum.at/i3f/v20/319099"},"format":"image/jpeg","height":615,"width":1000,"@id":"https://sammlung.volkskundemuseum.at/download/webcache/1000/319099","@type":"dctypes:Image"},"on":"https://sammlung.volkskundemuseum.at/i3f/v20/318906/canvas/319099","motivation":"sc:painting","@id":"https://sammlung.volkskundemuseum.at/i3f/v20/318906/annotation/319099","@type":"oa:Annotation"}],"label":"[2]","@id":"https://sammlung.volkskundemuseum.at/i3f/v20/318906/canvas/319099","@type":"sc:Canvas"}],"viewingHint":"paged","startCanvas":"https://sammlung.volkskundemuseum.at/i3f/v20/318906/canvas/319098","viewingDirection":"left-to-right","label":"Current Page Order","@context":"http://iiif.io/api/presentation/2/context.json","@id":"https://sammlung.volkskundemuseum.at/i3f/v20/318906/sequence/normal","@type":"sc:Sequence"}],"label":"\u00d6MV/78801/003: \u00c4rmelbesatz, aus Webband gefertigt","thumbnail":{"width":304,"height":174,"@id":"https://sammlung.volkskundemuseum.at/i3f/v21/319098/full/304/0/default.jpg","@type":"dctypes:Image","format":"image/jpeg"},"logo":{"@id":"https://sammlung.volkskundemuseum.at/domainresource/static/graphics/connectors/viewerLogo.gif","service":{"profile":"http://iiif.io/api/image/2/level2.json","@context":"http://iiif.io/api/image/2/context.json","@id":""}},"@context":"http://iiif.io/api/presentation/2/context.json","seeAlso":{"format":"application/xml","@id":"https://sammlung.volkskundemuseum.at/oai?verb=GetRecord&metadataPrefix=mets&identifier=318906","label":"METS"},"@id":"https://sammlung.volkskundemuseum.at/i3f/v20/318906/manifest","@type":"sc:Manifest","metadata":[{"value":"Baumwollwebband (Jacquard) aus der Slowakei l\u00e4ngs halbiert, mit Baumwollt\u00fcll \u00fcberzogen, zu einem Kreis vern\u00e4ht und mit einer Masche derselben Art versehen. [Kathrin Pallestrang]","label":"Beschreibung"},{"value":"Fl\u00f6ge, Emilie","label":"Sammler:in"},{"value":"unbekannt","label":"Hersteller:in"},{"value":"[Salon Schwestern Fl\u00f6ge?]","label":"Hersteller:in"},{"value":"Slowakei (Herstellungsort)   ; [Wien?] (Herstellungsort)   ; um 1900 (Herstellungszeit)","label":"Entstehung"},{"value":"Wien (Verwendungsort)   ; um 1900","label":"Verwendung"},{"value":"Baumwolle","label":"Material"},{"value":"Weben ; T\u00fcll ; N\u00e4hen","label":"Technik"},{"value":"Umfang: 30,5 cm B: 2,5 cm","label":"Abmessungen"},{"value":"Objekt","label":"Objekttyp"},{"value":"\u00c4rmelteil","label":"Objektart"},{"value":"Pallestrang, Kathrin: Die Textilmustersammlung Emilie Fl\u00f6ge im \u00d6sterreichischen Museum f\u00fcr Volkskunde. 2. Auflage. Wien 2015 (= Objekte im Fokus 2).","label":"Weiterf\u00fchrende Informationen"},{"value":"Pallestrang, Kathrin: Die Textilmustersammlung Emilie Fl\u00f6ge im \u00d6sterreichischen Museum f\u00fcr Volkskunde. 2. Auflage. Wien 2015 (= Objekte im Fokus 2), S. 79, Kat.Nr. 4.31.","label":"Dokumentation"},{"value":"\u00d6MV/78801/003","label":"Inventarnummer"},{"value":"Ankauf","label":"Erwerbungsart"}]}