{"viewingHint":"paged","service":[],"structures":[{"ranges":["https://sammlung.volkskundemuseum.at/i3f/v20/318904/range/318995","https://sammlung.volkskundemuseum.at/i3f/v20/318904/range/318996"],"viewingHint":"top","@id":"https://sammlung.volkskundemuseum.at/i3f/v20/318904/range/318904","@type":"sc:Range","label":"Table of Contents"},{"canvases":["https://sammlung.volkskundemuseum.at/i3f/v20/318904/canvas/319094"],"@id":"https://sammlung.volkskundemuseum.at/i3f/v20/318904/range/318995","@type":"sc:Range","label":"dig/40844: Volkskundemuseum Wien"},{"canvases":["https://sammlung.volkskundemuseum.at/i3f/v20/318904/canvas/319095"],"@id":"https://sammlung.volkskundemuseum.at/i3f/v20/318904/range/318996","@type":"sc:Range","label":"dig/40845: Volkskundemuseum Wien"}],"sequences":[{"canvases":[{"height":9993,"width":3897,"images":[{"resource":{"service":{"profile":"http://iiif.io/api/image/2/level2.json","@context":"http://iiif.io/api/image/2/context.json","@id":"https://sammlung.volkskundemuseum.at/i3f/v20/319094"},"format":"image/jpeg","height":2564,"width":1000,"@id":"https://sammlung.volkskundemuseum.at/download/webcache/1000/319094","@type":"dctypes:Image"},"on":"https://sammlung.volkskundemuseum.at/i3f/v20/318904/canvas/319094","motivation":"sc:painting","@id":"https://sammlung.volkskundemuseum.at/i3f/v20/318904/annotation/319094","@type":"oa:Annotation"}],"label":"[1]","@id":"https://sammlung.volkskundemuseum.at/i3f/v20/318904/canvas/319094","@type":"sc:Canvas"},{"height":9993,"width":3897,"images":[{"resource":{"service":{"profile":"http://iiif.io/api/image/2/level2.json","@context":"http://iiif.io/api/image/2/context.json","@id":"https://sammlung.volkskundemuseum.at/i3f/v20/319095"},"format":"image/jpeg","height":2564,"width":1000,"@id":"https://sammlung.volkskundemuseum.at/download/webcache/1000/319095","@type":"dctypes:Image"},"on":"https://sammlung.volkskundemuseum.at/i3f/v20/318904/canvas/319095","motivation":"sc:painting","@id":"https://sammlung.volkskundemuseum.at/i3f/v20/318904/annotation/319095","@type":"oa:Annotation"}],"label":"[2]","@id":"https://sammlung.volkskundemuseum.at/i3f/v20/318904/canvas/319095","@type":"sc:Canvas"}],"viewingHint":"paged","startCanvas":"https://sammlung.volkskundemuseum.at/i3f/v20/318904/canvas/319094","viewingDirection":"left-to-right","label":"Current Page Order","@context":"http://iiif.io/api/presentation/2/context.json","@id":"https://sammlung.volkskundemuseum.at/i3f/v20/318904/sequence/normal","@type":"sc:Sequence"}],"label":"\u00d6MV/78801/001: Ausschnittbesatz, aus Webband gefertigt","thumbnail":{"width":304,"height":779,"@id":"https://sammlung.volkskundemuseum.at/i3f/v21/319094/full/304/0/default.jpg","@type":"dctypes:Image","format":"image/jpeg"},"logo":{"@id":"https://sammlung.volkskundemuseum.at/domainresource/static/graphics/connectors/viewerLogo.gif","service":{"profile":"http://iiif.io/api/image/2/level2.json","@context":"http://iiif.io/api/image/2/context.json","@id":""}},"@context":"http://iiif.io/api/presentation/2/context.json","seeAlso":{"format":"application/xml","@id":"https://sammlung.volkskundemuseum.at/oai?verb=GetRecord&metadataPrefix=mets&identifier=318904","label":"METS"},"@id":"https://sammlung.volkskundemuseum.at/i3f/v20/318904/manifest","@type":"sc:Manifest","metadata":[{"value":"Baumwollwebband (Jacquard) aus der Slowakei l\u00e4ngs halbiert, mit Baumwollt\u00fcll \u00fcberzogen und V-f\u00f6rmig zusammengen\u00e4ht. [Kathrin Pallestrang]","label":"Beschreibung"},{"value":"Fl\u00f6ge, Emilie","label":"Sammler:in"},{"value":"unbekannt","label":"Hersteller:in"},{"value":"[Salon Schwestern Fl\u00f6ge?]","label":"Hersteller:in"},{"value":"Slowakei (Herstellungsort)   ; [Wien?] (Herstellungsort)   ; um 1900 (Herstellungszeit)","label":"Entstehung"},{"value":"Wien (Verwendungsort)   ; um 1900","label":"Verwendung"},{"value":"Baumwolle","label":"Material"},{"value":"Weben ; T\u00fcll ; N\u00e4hen","label":"Technik"},{"value":"L: 41 cm B Band: 2,5 cm B max.: 14 cm","label":"Abmessungen"},{"value":"Objekt","label":"Objekttyp"},{"value":"Teil, textil","label":"Objektart"},{"value":"Pallestrang, Kathrin: Die Textilmustersammlung Emilie Fl\u00f6ge im \u00d6sterreichischen Museum f\u00fcr Volkskunde. 2. Auflage. Wien 2015 (= Objekte im Fokus 2).","label":"Weiterf\u00fchrende Informationen"},{"value":"Pallestrang, Kathrin: Die Textilmustersammlung Emilie Fl\u00f6ge im \u00d6sterreichischen Museum f\u00fcr Volkskunde. 2. Auflage. Wien 2015 (= Objekte im Fokus 2), S. 79, Kat.Nr. 4.29.","label":"Dokumentation"},{"value":"\u00d6MV/78801/001","label":"Inventarnummer"},{"value":"Ankauf","label":"Erwerbungsart"}]}