{"viewingHint":"paged","service":[],"structures":[{"ranges":["https://sammlung.volkskundemuseum.at/i3f/v20/318903/range/318993","https://sammlung.volkskundemuseum.at/i3f/v20/318903/range/318994"],"viewingHint":"top","@id":"https://sammlung.volkskundemuseum.at/i3f/v20/318903/range/318903","@type":"sc:Range","label":"Table of Contents"},{"canvases":["https://sammlung.volkskundemuseum.at/i3f/v20/318903/canvas/319092"],"@id":"https://sammlung.volkskundemuseum.at/i3f/v20/318903/range/318993","@type":"sc:Range","label":"dig/40842: Volkskundemuseum Wien"},{"canvases":["https://sammlung.volkskundemuseum.at/i3f/v20/318903/canvas/319093"],"@id":"https://sammlung.volkskundemuseum.at/i3f/v20/318903/range/318994","@type":"sc:Range","label":"dig/40843: Volkskundemuseum Wien"}],"sequences":[{"canvases":[{"height":2154,"width":4692,"images":[{"resource":{"service":{"profile":"http://iiif.io/api/image/2/level2.json","@context":"http://iiif.io/api/image/2/context.json","@id":"https://sammlung.volkskundemuseum.at/i3f/v20/319092"},"format":"image/jpeg","height":459,"width":1000,"@id":"https://sammlung.volkskundemuseum.at/download/webcache/1000/319092","@type":"dctypes:Image"},"on":"https://sammlung.volkskundemuseum.at/i3f/v20/318903/canvas/319092","motivation":"sc:painting","@id":"https://sammlung.volkskundemuseum.at/i3f/v20/318903/annotation/319092","@type":"oa:Annotation"}],"label":"[1]","@id":"https://sammlung.volkskundemuseum.at/i3f/v20/318903/canvas/319092","@type":"sc:Canvas"},{"height":2154,"width":4692,"images":[{"resource":{"service":{"profile":"http://iiif.io/api/image/2/level2.json","@context":"http://iiif.io/api/image/2/context.json","@id":"https://sammlung.volkskundemuseum.at/i3f/v20/319093"},"format":"image/jpeg","height":459,"width":1000,"@id":"https://sammlung.volkskundemuseum.at/download/webcache/1000/319093","@type":"dctypes:Image"},"on":"https://sammlung.volkskundemuseum.at/i3f/v20/318903/canvas/319093","motivation":"sc:painting","@id":"https://sammlung.volkskundemuseum.at/i3f/v20/318903/annotation/319093","@type":"oa:Annotation"}],"label":"[2]","@id":"https://sammlung.volkskundemuseum.at/i3f/v20/318903/canvas/319093","@type":"sc:Canvas"}],"viewingHint":"paged","startCanvas":"https://sammlung.volkskundemuseum.at/i3f/v20/318903/canvas/319092","viewingDirection":"left-to-right","label":"Current Page Order","@context":"http://iiif.io/api/presentation/2/context.json","@id":"https://sammlung.volkskundemuseum.at/i3f/v20/318903/sequence/normal","@type":"sc:Sequence"}],"label":"\u00d6MV/78796/002: Fragment eines Hemdes, bestickt","thumbnail":{"width":304,"height":139,"@id":"https://sammlung.volkskundemuseum.at/i3f/v21/319092/full/304/0/default.jpg","@type":"dctypes:Image","format":"image/jpeg"},"logo":{"@id":"https://sammlung.volkskundemuseum.at/domainresource/static/graphics/connectors/viewerLogo.gif","service":{"profile":"http://iiif.io/api/image/2/level2.json","@context":"http://iiif.io/api/image/2/context.json","@id":""}},"@context":"http://iiif.io/api/presentation/2/context.json","seeAlso":{"format":"application/xml","@id":"https://sammlung.volkskundemuseum.at/oai?verb=GetRecord&metadataPrefix=mets&identifier=318903","label":"METS"},"@id":"https://sammlung.volkskundemuseum.at/i3f/v20/318903/manifest","@type":"sc:Manifest","metadata":[{"value":"Gewebter Baumwollstoff mit Seidengarn bestickt (Stiel-, Kreuz-, Platt- und Languettenstich, Durchbruch mit Stopfstichb\u00fcndeln), aus einem Hemd aus der M\u00e4hrischen Slowakei ausgeschnitten. Eine L\u00e4ngsseite umgebogen und mittels des Durchbruchs angeheftet. [Kathrin Pallestrang]","label":"Beschreibung"},{"value":"Fl\u00f6ge, Emilie","label":"Sammler:in"},{"value":"unbekannt","label":"Hersteller:in"},{"value":"M\u00e4hrische Slowakei (Herstellungsort)   ; um 1900 (Herstellungszeit)","label":"Entstehung"},{"value":"M\u00e4hrische Slowakei (Verwendungsort)   ; Wien (Verwendungsort)   ; um 1900","label":"Verwendung"},{"value":"Baumwolle ; Seide","label":"Material"},{"value":"Weben ; Sticken ; N\u00e4hen","label":"Technik"},{"value":"L: 18,5 cm B: 8 cm","label":"Abmessungen"},{"value":"Objekt","label":"Objekttyp"},{"value":"Fragment, textil","label":"Objektart"},{"value":"Pallestrang, Kathrin: Die Textilmustersammlung Emilie Fl\u00f6ge im \u00d6sterreichischen Museum f\u00fcr Volkskunde. 2. Auflage. Wien 2015 (= Objekte im Fokus 2).","label":"Weiterf\u00fchrende Informationen"},{"value":"Pallestrang, Kathrin: Die Textilmustersammlung Emilie Fl\u00f6ge im \u00d6sterreichischen Museum f\u00fcr Volkskunde. 2. Auflage. Wien 2015 (= Objekte im Fokus 2), S. 58, Kat.Nr. 2.85 und Abb. 2.85.","label":"Dokumentation"},{"value":"\u00d6MV/78796/002","label":"Inventarnummer"},{"value":"Ankauf","label":"Erwerbungsart"}]}