{"viewingHint":"paged","service":[],"structures":[{"ranges":["https://sammlung.volkskundemuseum.at/i3f/v20/318901/range/318989","https://sammlung.volkskundemuseum.at/i3f/v20/318901/range/318990"],"viewingHint":"top","@id":"https://sammlung.volkskundemuseum.at/i3f/v20/318901/range/318901","@type":"sc:Range","label":"Table of Contents"},{"canvases":["https://sammlung.volkskundemuseum.at/i3f/v20/318901/canvas/319088"],"@id":"https://sammlung.volkskundemuseum.at/i3f/v20/318901/range/318989","@type":"sc:Range","label":"dig/40886: Volkskundemuseum Wien / Foto: Pixelstorm, Wien"},{"canvases":["https://sammlung.volkskundemuseum.at/i3f/v20/318901/canvas/319089"],"@id":"https://sammlung.volkskundemuseum.at/i3f/v20/318901/range/318990","@type":"sc:Range","label":"dig/40887: Volkskundemuseum Wien / Foto: Pixelstorm, Wien"}],"sequences":[{"canvases":[{"height":6457,"width":9743,"images":[{"resource":{"service":{"profile":"http://iiif.io/api/image/2/level2.json","@context":"http://iiif.io/api/image/2/context.json","@id":"https://sammlung.volkskundemuseum.at/i3f/v20/319088"},"format":"image/jpeg","height":662,"width":1000,"@id":"https://sammlung.volkskundemuseum.at/download/webcache/1000/319088","@type":"dctypes:Image"},"on":"https://sammlung.volkskundemuseum.at/i3f/v20/318901/canvas/319088","motivation":"sc:painting","@id":"https://sammlung.volkskundemuseum.at/i3f/v20/318901/annotation/319088","@type":"oa:Annotation"}],"label":"[1]","@id":"https://sammlung.volkskundemuseum.at/i3f/v20/318901/canvas/319088","@type":"sc:Canvas"},{"height":6460,"width":9457,"images":[{"resource":{"service":{"profile":"http://iiif.io/api/image/2/level2.json","@context":"http://iiif.io/api/image/2/context.json","@id":"https://sammlung.volkskundemuseum.at/i3f/v20/319089"},"format":"image/jpeg","height":683,"width":1000,"@id":"https://sammlung.volkskundemuseum.at/download/webcache/1000/319089","@type":"dctypes:Image"},"on":"https://sammlung.volkskundemuseum.at/i3f/v20/318901/canvas/319089","motivation":"sc:painting","@id":"https://sammlung.volkskundemuseum.at/i3f/v20/318901/annotation/319089","@type":"oa:Annotation"}],"label":"[2]","@id":"https://sammlung.volkskundemuseum.at/i3f/v20/318901/canvas/319089","@type":"sc:Canvas"}],"viewingHint":"paged","startCanvas":"https://sammlung.volkskundemuseum.at/i3f/v20/318901/canvas/319088","viewingDirection":"left-to-right","label":"Current Page Order","@context":"http://iiif.io/api/presentation/2/context.json","@id":"https://sammlung.volkskundemuseum.at/i3f/v20/318901/sequence/normal","@type":"sc:Sequence"}],"label":"\u00d6MV/78786: Randabschluss einer Sch\u00fcrze, bestickt","thumbnail":{"width":304,"height":201,"@id":"https://sammlung.volkskundemuseum.at/i3f/v21/319088/full/304/0/default.jpg","@type":"dctypes:Image","format":"image/jpeg"},"logo":{"@id":"https://sammlung.volkskundemuseum.at/domainresource/static/graphics/connectors/viewerLogo.gif","service":{"profile":"http://iiif.io/api/image/2/level2.json","@context":"http://iiif.io/api/image/2/context.json","@id":""}},"@context":"http://iiif.io/api/presentation/2/context.json","seeAlso":{"format":"application/xml","@id":"https://sammlung.volkskundemuseum.at/oai?verb=GetRecord&metadataPrefix=mets&identifier=318901","label":"METS"},"@id":"https://sammlung.volkskundemuseum.at/i3f/v20/318901/manifest","@type":"sc:Manifest","metadata":[{"value":"U-f\u00f6rmiger Streifen Baumwollbatist mit Loch- und Hochstickerei in Baumwollgarn (Stechtechnik), Mittelteil zus\u00e4tzlich mit aufgen\u00e4hter, gewebter Goldfadenborte. Urspr\u00fcnglich war das Objekt eine Randverzierung einer Sch\u00fcrze aus Trnava, die aus dieser ausgeschnitten wurde; Schnittkante mit teilweise aufgetrennter Naht. [Kathrin Pallestrang]","label":"Beschreibung"},{"value":"Fl\u00f6ge, Emilie","label":"Sammler:in"},{"value":"unbekannt","label":"Hersteller:in"},{"value":"Trnava (Herstellungsort)   ; um 1900 (Herstellungszeit)","label":"Entstehung"},{"value":"Trnava (Verwendungsort)   ; Wien (Verwendungsort)   ; um 1900","label":"Verwendung"},{"value":"Baumwolle ; Karton ; Metallgespinst","label":"Material"},{"value":"Weben ; Sticken ; N\u00e4hen","label":"Technik"},{"value":"B max.: 150 cm H max.: 72 cm B Spitze: 9,5 cm","label":"Abmessungen"},{"value":"Objekt","label":"Objekttyp"},{"value":"Fragment, textil ; Sch\u00fcrze","label":"Objektart"},{"value":"Pallestrang, Kathrin: Die Textilmustersammlung Emilie Fl\u00f6ge im \u00d6sterreichischen Museum f\u00fcr Volkskunde. 2. Auflage. Wien 2015 (= Objekte im Fokus 2).","label":"Weiterf\u00fchrende Informationen"},{"value":"Pallestrang, Kathrin: Die Textilmustersammlung Emilie Fl\u00f6ge im \u00d6sterreichischen Museum f\u00fcr Volkskunde. 2. Auflage. Wien 2015 (= Objekte im Fokus 2), S. 57, Kat.Nr. 2.75 und Abb. 2.75.","label":"Dokumentation"},{"value":"\u00d6MV/78786","label":"Inventarnummer"},{"value":"Ankauf","label":"Erwerbungsart"}]}