{"viewingHint":"paged","service":[],"structures":[{"ranges":["https://sammlung.volkskundemuseum.at/i3f/v20/318900/range/318987","https://sammlung.volkskundemuseum.at/i3f/v20/318900/range/318988"],"viewingHint":"top","@id":"https://sammlung.volkskundemuseum.at/i3f/v20/318900/range/318900","@type":"sc:Range","label":"Table of Contents"},{"canvases":["https://sammlung.volkskundemuseum.at/i3f/v20/318900/canvas/319086"],"@id":"https://sammlung.volkskundemuseum.at/i3f/v20/318900/range/318987","@type":"sc:Range","label":"dig/40884: Volkskundemuseum Wien / Foto: Pixelstorm, Wien"},{"canvases":["https://sammlung.volkskundemuseum.at/i3f/v20/318900/canvas/319087"],"@id":"https://sammlung.volkskundemuseum.at/i3f/v20/318900/range/318988","@type":"sc:Range","label":"dig/40885: Volkskundemuseum Wien / Foto: Pixelstorm, Wien"}],"sequences":[{"canvases":[{"height":1123,"width":8278,"images":[{"resource":{"service":{"profile":"http://iiif.io/api/image/2/level2.json","@context":"http://iiif.io/api/image/2/context.json","@id":"https://sammlung.volkskundemuseum.at/i3f/v20/319086"},"format":"image/jpeg","height":135,"width":1000,"@id":"https://sammlung.volkskundemuseum.at/download/webcache/1000/319086","@type":"dctypes:Image"},"on":"https://sammlung.volkskundemuseum.at/i3f/v20/318900/canvas/319086","motivation":"sc:painting","@id":"https://sammlung.volkskundemuseum.at/i3f/v20/318900/annotation/319086","@type":"oa:Annotation"}],"label":"[1]","@id":"https://sammlung.volkskundemuseum.at/i3f/v20/318900/canvas/319086","@type":"sc:Canvas"},{"height":1425,"width":8276,"images":[{"resource":{"service":{"profile":"http://iiif.io/api/image/2/level2.json","@context":"http://iiif.io/api/image/2/context.json","@id":"https://sammlung.volkskundemuseum.at/i3f/v20/319087"},"format":"image/jpeg","height":172,"width":1000,"@id":"https://sammlung.volkskundemuseum.at/download/webcache/1000/319087","@type":"dctypes:Image"},"on":"https://sammlung.volkskundemuseum.at/i3f/v20/318900/canvas/319087","motivation":"sc:painting","@id":"https://sammlung.volkskundemuseum.at/i3f/v20/318900/annotation/319087","@type":"oa:Annotation"}],"label":"[2]","@id":"https://sammlung.volkskundemuseum.at/i3f/v20/318900/canvas/319087","@type":"sc:Canvas"}],"viewingHint":"paged","startCanvas":"https://sammlung.volkskundemuseum.at/i3f/v20/318900/canvas/319086","viewingDirection":"left-to-right","label":"Current Page Order","@context":"http://iiif.io/api/presentation/2/context.json","@id":"https://sammlung.volkskundemuseum.at/i3f/v20/318900/sequence/normal","@type":"sc:Sequence"}],"label":"\u00d6MV/78783: G\u00fcrtel, bestickt","thumbnail":{"width":304,"height":41,"@id":"https://sammlung.volkskundemuseum.at/i3f/v21/319086/full/304/0/default.jpg","@type":"dctypes:Image","format":"image/jpeg"},"logo":{"@id":"https://sammlung.volkskundemuseum.at/domainresource/static/graphics/connectors/viewerLogo.gif","service":{"profile":"http://iiif.io/api/image/2/level2.json","@context":"http://iiif.io/api/image/2/context.json","@id":""}},"@context":"http://iiif.io/api/presentation/2/context.json","seeAlso":{"format":"application/xml","@id":"https://sammlung.volkskundemuseum.at/oai?verb=GetRecord&metadataPrefix=mets&identifier=318900","label":"METS"},"@id":"https://sammlung.volkskundemuseum.at/i3f/v20/318900/manifest","@type":"sc:Manifest","metadata":[{"value":"Gewebter Baumwollstoff aus Rum\u00e4nien mit Seide bestickt (Flachstich), Kanten eingebogen, mit Seidencrepeline gef\u00fcttert, Enden mit offenen Schnittkanten. Zwei Haken an einer Schmalseite und eine zu den Haken nicht passende Schlinge (mit Knopflochstich umwickelt) an der anderen Schmalseite angen\u00e4ht. [Kathrin Pallestrang]","label":"Beschreibung"},{"value":"Fl\u00f6ge, Emilie","label":"Sammler:in"},{"value":"unbekannt","label":"Hersteller:in"},{"value":"[Salon Schwestern Fl\u00f6ge?]","label":"Hersteller:in"},{"value":"Rum\u00e4nien (Herstellungsort)   ; [Wien?] (Herstellungsort)   ; um 1900 (Herstellungszeit)","label":"Entstehung"},{"value":"Rum\u00e4nien (Verwendungsort)   ; Wien (Verwendungsort)   ; um 1900","label":"Verwendung"},{"value":"Baumwolle ; Seide ; Gold- oder Silberlahn ; Metall","label":"Material"},{"value":"Weben ; Sticken ; N\u00e4hen","label":"Technik"},{"value":"L: 65 cm B: 4,5 cm Rapport: 11 cm","label":"Abmessungen"},{"value":"Objekt","label":"Objekttyp"},{"value":"G\u00fcrtel","label":"Objektart"},{"value":"Pallestrang, Kathrin: Die Textilmustersammlung Emilie Fl\u00f6ge im \u00d6sterreichischen Museum f\u00fcr Volkskunde. 2. Auflage. Wien 2015 (= Objekte im Fokus 2).","label":"Weiterf\u00fchrende Informationen"},{"value":"Pallestrang, Kathrin: Die Textilmustersammlung Emilie Fl\u00f6ge im \u00d6sterreichischen Museum f\u00fcr Volkskunde. 2. Auflage. Wien 2015 (= Objekte im Fokus 2), S. 77, Kat.Nr. 4.23 und Abb. 4.23.","label":"Dokumentation"},{"value":"\u00d6MV/78783","label":"Inventarnummer"},{"value":"Ankauf","label":"Erwerbungsart"}]}