{"viewingHint":"paged","service":[],"structures":[{"ranges":["https://sammlung.volkskundemuseum.at/i3f/v20/318899/range/318985","https://sammlung.volkskundemuseum.at/i3f/v20/318899/range/318986"],"viewingHint":"top","@id":"https://sammlung.volkskundemuseum.at/i3f/v20/318899/range/318899","@type":"sc:Range","label":"Table of Contents"},{"canvases":["https://sammlung.volkskundemuseum.at/i3f/v20/318899/canvas/319084"],"@id":"https://sammlung.volkskundemuseum.at/i3f/v20/318899/range/318985","@type":"sc:Range","label":"dig/40840: Volkskundemuseum Wien"},{"canvases":["https://sammlung.volkskundemuseum.at/i3f/v20/318899/canvas/319085"],"@id":"https://sammlung.volkskundemuseum.at/i3f/v20/318899/range/318986","@type":"sc:Range","label":"dig/40841: Volkskundemuseum Wien"}],"sequences":[{"canvases":[{"height":2582,"width":5283,"images":[{"resource":{"service":{"profile":"http://iiif.io/api/image/2/level2.json","@context":"http://iiif.io/api/image/2/context.json","@id":"https://sammlung.volkskundemuseum.at/i3f/v20/319084"},"format":"image/jpeg","height":488,"width":1000,"@id":"https://sammlung.volkskundemuseum.at/download/webcache/1000/319084","@type":"dctypes:Image"},"on":"https://sammlung.volkskundemuseum.at/i3f/v20/318899/canvas/319084","motivation":"sc:painting","@id":"https://sammlung.volkskundemuseum.at/i3f/v20/318899/annotation/319084","@type":"oa:Annotation"}],"label":"[1]","@id":"https://sammlung.volkskundemuseum.at/i3f/v20/318899/canvas/319084","@type":"sc:Canvas"},{"height":2582,"width":5283,"images":[{"resource":{"service":{"profile":"http://iiif.io/api/image/2/level2.json","@context":"http://iiif.io/api/image/2/context.json","@id":"https://sammlung.volkskundemuseum.at/i3f/v20/319085"},"format":"image/jpeg","height":488,"width":1000,"@id":"https://sammlung.volkskundemuseum.at/download/webcache/1000/319085","@type":"dctypes:Image"},"on":"https://sammlung.volkskundemuseum.at/i3f/v20/318899/canvas/319085","motivation":"sc:painting","@id":"https://sammlung.volkskundemuseum.at/i3f/v20/318899/annotation/319085","@type":"oa:Annotation"}],"label":"[2]","@id":"https://sammlung.volkskundemuseum.at/i3f/v20/318899/canvas/319085","@type":"sc:Canvas"}],"viewingHint":"paged","startCanvas":"https://sammlung.volkskundemuseum.at/i3f/v20/318899/canvas/319084","viewingDirection":"left-to-right","label":"Current Page Order","@context":"http://iiif.io/api/presentation/2/context.json","@id":"https://sammlung.volkskundemuseum.at/i3f/v20/318899/sequence/normal","@type":"sc:Sequence"}],"label":"\u00d6MV/78780/001: Taschenklappe, aus einem Haubenfragment gefertigt","thumbnail":{"width":304,"height":148,"@id":"https://sammlung.volkskundemuseum.at/i3f/v21/319084/full/304/0/default.jpg","@type":"dctypes:Image","format":"image/jpeg"},"logo":{"@id":"https://sammlung.volkskundemuseum.at/domainresource/static/graphics/connectors/viewerLogo.gif","service":{"profile":"http://iiif.io/api/image/2/level2.json","@context":"http://iiif.io/api/image/2/context.json","@id":""}},"@context":"http://iiif.io/api/presentation/2/context.json","seeAlso":{"format":"application/xml","@id":"https://sammlung.volkskundemuseum.at/oai?verb=GetRecord&metadataPrefix=mets&identifier=318899","label":"METS"},"@id":"https://sammlung.volkskundemuseum.at/i3f/v20/318899/manifest","@type":"sc:Manifest","metadata":[{"value":"Aus einem Haubenkopfteil aus Pata hergestellt: gewebter Baumwollstoff mit Seidengarn bestickt (Plattstich, Arabische Technik), mit Kl\u00f6ppelspitze besetzt; an drei Seiten \u00fcber die Stickerei bzw. Spitze hinweg umgeschlagen und vern\u00e4ht. [Kathrin Pallestrang]","label":"Beschreibung"},{"value":"Fl\u00f6ge, Emilie","label":"Sammler:in"},{"value":"unbekannt","label":"Hersteller:in"},{"value":"[Salon Schwestern Fl\u00f6ge?]","label":"Hersteller:in"},{"value":"Pata (Herstellungsort)  ; Wien (Herstellungsort)   ; um 1900 (Herstellungszeit)","label":"Entstehung"},{"value":"Pata (Verwendungsort)  ; Wien (Verwendungsort)   ; um 1900","label":"Verwendung"},{"value":"Baumwolle ; Seide","label":"Material"},{"value":"Weben ; Sticken ; N\u00e4hen ; Kl\u00f6ppeln","label":"Technik"},{"value":"L: 21,5 cm B: 9,5 cm","label":"Abmessungen"},{"value":"Objekt","label":"Objekttyp"},{"value":"Taschenpatte  ; Fragment, textil ; Weiche Bodenhaube","label":"Objektart"},{"value":"Pallestrang, Kathrin: Die Textilmustersammlung Emilie Fl\u00f6ge im \u00d6sterreichischen Museum f\u00fcr Volkskunde. 2. Auflage. Wien 2015 (= Objekte im Fokus 2).","label":"Weiterf\u00fchrende Informationen"},{"value":"Pallestrang, Kathrin: Die Textilmustersammlung Emilie Fl\u00f6ge im \u00d6sterreichischen Museum f\u00fcr Volkskunde. 2. Auflage. Wien 2015 (= Objekte im Fokus 2), S. 76, Kat.Nr. 4.20.","label":"Dokumentation"},{"value":"\u00d6MV/78780/001","label":"Inventarnummer"},{"value":"Ankauf","label":"Erwerbungsart"}]}