{"viewingHint":"paged","service":[],"structures":[{"ranges":["https://sammlung.volkskundemuseum.at/i3f/v20/318898/range/318983","https://sammlung.volkskundemuseum.at/i3f/v20/318898/range/318984"],"viewingHint":"top","@id":"https://sammlung.volkskundemuseum.at/i3f/v20/318898/range/318898","@type":"sc:Range","label":"Table of Contents"},{"canvases":["https://sammlung.volkskundemuseum.at/i3f/v20/318898/canvas/319082"],"@id":"https://sammlung.volkskundemuseum.at/i3f/v20/318898/range/318983","@type":"sc:Range","label":"dig/40838: Volkskundemuseum Wien"},{"canvases":["https://sammlung.volkskundemuseum.at/i3f/v20/318898/canvas/319083"],"@id":"https://sammlung.volkskundemuseum.at/i3f/v20/318898/range/318984","@type":"sc:Range","label":"dig/40839: Volkskundemuseum Wien"}],"sequences":[{"canvases":[{"height":1767,"width":4772,"images":[{"resource":{"service":{"profile":"http://iiif.io/api/image/2/level2.json","@context":"http://iiif.io/api/image/2/context.json","@id":"https://sammlung.volkskundemuseum.at/i3f/v20/319082"},"format":"image/jpeg","height":370,"width":1000,"@id":"https://sammlung.volkskundemuseum.at/download/webcache/1000/319082","@type":"dctypes:Image"},"on":"https://sammlung.volkskundemuseum.at/i3f/v20/318898/canvas/319082","motivation":"sc:painting","@id":"https://sammlung.volkskundemuseum.at/i3f/v20/318898/annotation/319082","@type":"oa:Annotation"}],"label":"[1]","@id":"https://sammlung.volkskundemuseum.at/i3f/v20/318898/canvas/319082","@type":"sc:Canvas"},{"height":1767,"width":4772,"images":[{"resource":{"service":{"profile":"http://iiif.io/api/image/2/level2.json","@context":"http://iiif.io/api/image/2/context.json","@id":"https://sammlung.volkskundemuseum.at/i3f/v20/319083"},"format":"image/jpeg","height":370,"width":1000,"@id":"https://sammlung.volkskundemuseum.at/download/webcache/1000/319083","@type":"dctypes:Image"},"on":"https://sammlung.volkskundemuseum.at/i3f/v20/318898/canvas/319083","motivation":"sc:painting","@id":"https://sammlung.volkskundemuseum.at/i3f/v20/318898/annotation/319083","@type":"oa:Annotation"}],"label":"[2]","@id":"https://sammlung.volkskundemuseum.at/i3f/v20/318898/canvas/319083","@type":"sc:Canvas"}],"viewingHint":"paged","startCanvas":"https://sammlung.volkskundemuseum.at/i3f/v20/318898/canvas/319082","viewingDirection":"left-to-right","label":"Current Page Order","@context":"http://iiif.io/api/presentation/2/context.json","@id":"https://sammlung.volkskundemuseum.at/i3f/v20/318898/sequence/normal","@type":"sc:Sequence"}],"label":"\u00d6MV/78779: Hemdenfragment, bestickt","thumbnail":{"width":304,"height":112,"@id":"https://sammlung.volkskundemuseum.at/i3f/v21/319082/full/304/0/default.jpg","@type":"dctypes:Image","format":"image/jpeg"},"logo":{"@id":"https://sammlung.volkskundemuseum.at/domainresource/static/graphics/connectors/viewerLogo.gif","service":{"profile":"http://iiif.io/api/image/2/level2.json","@context":"http://iiif.io/api/image/2/context.json","@id":""}},"@context":"http://iiif.io/api/presentation/2/context.json","seeAlso":{"format":"application/xml","@id":"https://sammlung.volkskundemuseum.at/oai?verb=GetRecord&metadataPrefix=mets&identifier=318898","label":"METS"},"@id":"https://sammlung.volkskundemuseum.at/i3f/v20/318898/manifest","@type":"sc:Manifest","metadata":[{"value":"Gewebter Baumwollstoff mit Seide bestickt (Platt-, Kreuz-, Stiel- und Zopfstich, Durchbruch mit Stopfstichb\u00fcndeln), beide L\u00e4ngskanten umgebogen, eine geendelt; aus einem Hemd ausgeschnitten. [Kathrin Pallestrang]","label":"Beschreibung"},{"value":"Fl\u00f6ge, Emilie","label":"Sammler:in"},{"value":"unbekannt","label":"Hersteller:in"},{"value":"M\u00e4hrische Slowakei (Herstellungsort)   ; um 1900 (Herstellungszeit)","label":"Entstehung"},{"value":"M\u00e4hrische Slowakei (Verwendungsort)   ; Wien (Verwendungsort)   ; um 1900","label":"Verwendung"},{"value":"Baumwolle ; Seide","label":"Material"},{"value":"Weben ; Sticken ; N\u00e4hen","label":"Technik"},{"value":"L: 18,5 cm B: 6 cm","label":"Abmessungen"},{"value":"Objekt","label":"Objekttyp"},{"value":"Fragment, textil ; Hemd","label":"Objektart"},{"value":"Pallestrang, Kathrin: Die Textilmustersammlung Emilie Fl\u00f6ge im \u00d6sterreichischen Museum f\u00fcr Volkskunde. 2. Auflage. Wien 2015 (= Objekte im Fokus 2).","label":"Weiterf\u00fchrende Informationen"},{"value":"Pallestrang, Kathrin: Die Textilmustersammlung Emilie Fl\u00f6ge im \u00d6sterreichischen Museum f\u00fcr Volkskunde. 2. Auflage. Wien 2015 (= Objekte im Fokus 2), S. 56, Kat.Nr. 2.71 und Abb. 2.71.","label":"Dokumentation"},{"value":"\u00d6MV/78779","label":"Inventarnummer"},{"value":"Ankauf","label":"Erwerbungsart"}]}