{"viewingHint":"paged","service":[],"structures":[{"ranges":["https://sammlung.volkskundemuseum.at/i3f/v20/318897/range/318981","https://sammlung.volkskundemuseum.at/i3f/v20/318897/range/318982"],"viewingHint":"top","@id":"https://sammlung.volkskundemuseum.at/i3f/v20/318897/range/318897","@type":"sc:Range","label":"Table of Contents"},{"canvases":["https://sammlung.volkskundemuseum.at/i3f/v20/318897/canvas/319080"],"@id":"https://sammlung.volkskundemuseum.at/i3f/v20/318897/range/318981","@type":"sc:Range","label":"dig/40836: Volkskundemuseum Wien"},{"canvases":["https://sammlung.volkskundemuseum.at/i3f/v20/318897/canvas/319081"],"@id":"https://sammlung.volkskundemuseum.at/i3f/v20/318897/range/318982","@type":"sc:Range","label":"dig/40837: Volkskundemuseum Wien"}],"sequences":[{"canvases":[{"height":2440,"width":8929,"images":[{"resource":{"service":{"profile":"http://iiif.io/api/image/2/level2.json","@context":"http://iiif.io/api/image/2/context.json","@id":"https://sammlung.volkskundemuseum.at/i3f/v20/319080"},"format":"image/jpeg","height":273,"width":1000,"@id":"https://sammlung.volkskundemuseum.at/download/webcache/1000/319080","@type":"dctypes:Image"},"on":"https://sammlung.volkskundemuseum.at/i3f/v20/318897/canvas/319080","motivation":"sc:painting","@id":"https://sammlung.volkskundemuseum.at/i3f/v20/318897/annotation/319080","@type":"oa:Annotation"}],"label":"[1]","@id":"https://sammlung.volkskundemuseum.at/i3f/v20/318897/canvas/319080","@type":"sc:Canvas"},{"height":2440,"width":8929,"images":[{"resource":{"service":{"profile":"http://iiif.io/api/image/2/level2.json","@context":"http://iiif.io/api/image/2/context.json","@id":"https://sammlung.volkskundemuseum.at/i3f/v20/319081"},"format":"image/jpeg","height":273,"width":1000,"@id":"https://sammlung.volkskundemuseum.at/download/webcache/1000/319081","@type":"dctypes:Image"},"on":"https://sammlung.volkskundemuseum.at/i3f/v20/318897/canvas/319081","motivation":"sc:painting","@id":"https://sammlung.volkskundemuseum.at/i3f/v20/318897/annotation/319081","@type":"oa:Annotation"}],"label":"[2]","@id":"https://sammlung.volkskundemuseum.at/i3f/v20/318897/canvas/319081","@type":"sc:Canvas"}],"viewingHint":"paged","startCanvas":"https://sammlung.volkskundemuseum.at/i3f/v20/318897/canvas/319080","viewingDirection":"left-to-right","label":"Current Page Order","@context":"http://iiif.io/api/presentation/2/context.json","@id":"https://sammlung.volkskundemuseum.at/i3f/v20/318897/sequence/normal","@type":"sc:Sequence"}],"label":"\u00d6MV/78777/001: Kl\u00f6ppelspitze","thumbnail":{"width":304,"height":83,"@id":"https://sammlung.volkskundemuseum.at/i3f/v21/319080/full/304/0/default.jpg","@type":"dctypes:Image","format":"image/jpeg"},"logo":{"@id":"https://sammlung.volkskundemuseum.at/domainresource/static/graphics/connectors/viewerLogo.gif","service":{"profile":"http://iiif.io/api/image/2/level2.json","@context":"http://iiif.io/api/image/2/context.json","@id":""}},"@context":"http://iiif.io/api/presentation/2/context.json","seeAlso":{"format":"application/xml","@id":"https://sammlung.volkskundemuseum.at/oai?verb=GetRecord&metadataPrefix=mets&identifier=318897","label":"METS"},"@id":"https://sammlung.volkskundemuseum.at/i3f/v20/318897/manifest","@type":"sc:Manifest","metadata":[{"value":"Baumwollgarn mit Silber- und Goldlahn gekl\u00f6ppelt (Leinenschlag), bestickt (Stopfstich). [Kathrin Pallestrang]","label":"Beschreibung"},{"value":"Fl\u00f6ge, Emilie","label":"Sammler:in"},{"value":"unbekannt","label":"Hersteller:in"},{"value":"Ostslowakei (Herstellungsort)   ; um 1900 (Herstellungszeit)","label":"Entstehung"},{"value":"Ostslowakei (Verwendungsort)   ; Wien (Verwendungsort)   ; um 1900","label":"Verwendung"},{"value":"Baumwolle ; Gold- oder Silberlahn","label":"Material"},{"value":"Kl\u00f6ppeln","label":"Technik"},{"value":"L: 36,5 cm B: 9 cm","label":"Abmessungen"},{"value":"Objekt","label":"Objekttyp"},{"value":"Spitze","label":"Objektart"},{"value":"Pallestrang, Kathrin: Die Textilmustersammlung Emilie Fl\u00f6ge im \u00d6sterreichischen Museum f\u00fcr Volkskunde. 2. Auflage. Wien 2015 (= Objekte im Fokus 2).","label":"Weiterf\u00fchrende Informationen"},{"value":"Pallestrang, Kathrin: Die Textilmustersammlung Emilie Fl\u00f6ge im \u00d6sterreichischen Museum f\u00fcr Volkskunde. 2. Auflage. Wien 2015 (= Objekte im Fokus 2), S. 56, Kat. Nr. 2.67 und Abb. 2.67.","label":"Dokumentation"},{"value":"\u00d6MV/78777/001","label":"Inventarnummer"},{"value":"Ankauf","label":"Erwerbungsart"}]}