{"viewingHint":"paged","service":[],"structures":[{"ranges":["https://sammlung.volkskundemuseum.at/i3f/v20/318896/range/318979","https://sammlung.volkskundemuseum.at/i3f/v20/318896/range/318980"],"viewingHint":"top","@id":"https://sammlung.volkskundemuseum.at/i3f/v20/318896/range/318896","@type":"sc:Range","label":"Table of Contents"},{"canvases":["https://sammlung.volkskundemuseum.at/i3f/v20/318896/canvas/319078"],"@id":"https://sammlung.volkskundemuseum.at/i3f/v20/318896/range/318979","@type":"sc:Range","label":"dig/40882: Volkskundemuseum Wien / Foto: Pixelstorm, Wien"},{"canvases":["https://sammlung.volkskundemuseum.at/i3f/v20/318896/canvas/319079"],"@id":"https://sammlung.volkskundemuseum.at/i3f/v20/318896/range/318980","@type":"sc:Range","label":"dig/40883: Volkskundemuseum Wien / Foto: Pixelstorm, Wien"}],"sequences":[{"canvases":[{"height":3785,"width":6698,"images":[{"resource":{"service":{"profile":"http://iiif.io/api/image/2/level2.json","@context":"http://iiif.io/api/image/2/context.json","@id":"https://sammlung.volkskundemuseum.at/i3f/v20/319078"},"format":"image/jpeg","height":565,"width":1000,"@id":"https://sammlung.volkskundemuseum.at/download/webcache/1000/319078","@type":"dctypes:Image"},"on":"https://sammlung.volkskundemuseum.at/i3f/v20/318896/canvas/319078","motivation":"sc:painting","@id":"https://sammlung.volkskundemuseum.at/i3f/v20/318896/annotation/319078","@type":"oa:Annotation"}],"label":"[1]","@id":"https://sammlung.volkskundemuseum.at/i3f/v20/318896/canvas/319078","@type":"sc:Canvas"},{"height":3740,"width":6412,"images":[{"resource":{"service":{"profile":"http://iiif.io/api/image/2/level2.json","@context":"http://iiif.io/api/image/2/context.json","@id":"https://sammlung.volkskundemuseum.at/i3f/v20/319079"},"format":"image/jpeg","height":583,"width":1000,"@id":"https://sammlung.volkskundemuseum.at/download/webcache/1000/319079","@type":"dctypes:Image"},"on":"https://sammlung.volkskundemuseum.at/i3f/v20/318896/canvas/319079","motivation":"sc:painting","@id":"https://sammlung.volkskundemuseum.at/i3f/v20/318896/annotation/319079","@type":"oa:Annotation"}],"label":"[2]","@id":"https://sammlung.volkskundemuseum.at/i3f/v20/318896/canvas/319079","@type":"sc:Canvas"}],"viewingHint":"paged","startCanvas":"https://sammlung.volkskundemuseum.at/i3f/v20/318896/canvas/319078","viewingDirection":"left-to-right","label":"Current Page Order","@context":"http://iiif.io/api/presentation/2/context.json","@id":"https://sammlung.volkskundemuseum.at/i3f/v20/318896/sequence/normal","@type":"sc:Sequence"}],"label":"\u00d6MV/78776: \u00c4rmelteil, bestickt","thumbnail":{"width":304,"height":171,"@id":"https://sammlung.volkskundemuseum.at/i3f/v21/319078/full/304/0/default.jpg","@type":"dctypes:Image","format":"image/jpeg"},"logo":{"@id":"https://sammlung.volkskundemuseum.at/domainresource/static/graphics/connectors/viewerLogo.gif","service":{"profile":"http://iiif.io/api/image/2/level2.json","@context":"http://iiif.io/api/image/2/context.json","@id":""}},"@context":"http://iiif.io/api/presentation/2/context.json","seeAlso":{"format":"application/xml","@id":"https://sammlung.volkskundemuseum.at/oai?verb=GetRecord&metadataPrefix=mets&identifier=318896","label":"METS"},"@id":"https://sammlung.volkskundemuseum.at/i3f/v20/318896/manifest","@type":"sc:Manifest","metadata":[{"value":"Gewebter Baumwollstoff mit Seidengarn bestickt (Stiel- und Plattstich), aus einem Hemd ausgeschnitten oder zum Einsatz in ein Hemd bestimmt. [Kathrin Pallestrang]","label":"Beschreibung"},{"value":"Fl\u00f6ge, Emilie","label":"Sammler:in"},{"value":"unbekannt","label":"Hersteller:in"},{"value":"Rybany (Herstellungsort)  ; um 1900 (Herstellungszeit)","label":"Entstehung"},{"value":"Rybany (Verwendungsort)  ; Wien (Verwendungsort)   ; um 1900","label":"Verwendung"},{"value":"Baumwolle ; Seide","label":"Material"},{"value":"Weben ; Sticken","label":"Technik"},{"value":"L: 44,5 cm B: 24,5 cm","label":"Abmessungen"},{"value":"Objekt","label":"Objekttyp"},{"value":"\u00c4rmelteil","label":"Objektart"},{"value":"Pallestrang, Kathrin: Die Textilmustersammlung Emilie Fl\u00f6ge im \u00d6sterreichischen Museum f\u00fcr Volkskunde. 2. Auflage. Wien 2015 (= Objekte im Fokus 2).","label":"Weiterf\u00fchrende Informationen"},{"value":"Pallestrang, Kathrin: Die Textilmustersammlung Emilie Fl\u00f6ge im \u00d6sterreichischen Museum f\u00fcr Volkskunde. 2. Auflage. Wien 2015 (= Objekte im Fokus 2), S. 55, Kat.Nr. 2.66.","label":"Dokumentation"},{"value":"\u00d6MV/78776","label":"Inventarnummer"},{"value":"Ankauf","label":"Erwerbungsart"}]}