{"viewingHint":"paged","service":[],"structures":[{"ranges":["https://sammlung.volkskundemuseum.at/i3f/v20/318893/range/318973","https://sammlung.volkskundemuseum.at/i3f/v20/318893/range/318974"],"viewingHint":"top","@id":"https://sammlung.volkskundemuseum.at/i3f/v20/318893/range/318893","@type":"sc:Range","label":"Table of Contents"},{"canvases":["https://sammlung.volkskundemuseum.at/i3f/v20/318893/canvas/319072"],"@id":"https://sammlung.volkskundemuseum.at/i3f/v20/318893/range/318973","@type":"sc:Range","label":"dig/40830: Volkskundemuseum Wien"},{"canvases":["https://sammlung.volkskundemuseum.at/i3f/v20/318893/canvas/319073"],"@id":"https://sammlung.volkskundemuseum.at/i3f/v20/318893/range/318974","@type":"sc:Range","label":"dig/40831: Volkskundemuseum Wien"}],"sequences":[{"canvases":[{"height":2270,"width":7810,"images":[{"resource":{"service":{"profile":"http://iiif.io/api/image/2/level2.json","@context":"http://iiif.io/api/image/2/context.json","@id":"https://sammlung.volkskundemuseum.at/i3f/v20/319072"},"format":"image/jpeg","height":290,"width":1000,"@id":"https://sammlung.volkskundemuseum.at/download/webcache/1000/319072","@type":"dctypes:Image"},"on":"https://sammlung.volkskundemuseum.at/i3f/v20/318893/canvas/319072","motivation":"sc:painting","@id":"https://sammlung.volkskundemuseum.at/i3f/v20/318893/annotation/319072","@type":"oa:Annotation"}],"label":"[1]","@id":"https://sammlung.volkskundemuseum.at/i3f/v20/318893/canvas/319072","@type":"sc:Canvas"},{"height":2369,"width":7761,"images":[{"resource":{"service":{"profile":"http://iiif.io/api/image/2/level2.json","@context":"http://iiif.io/api/image/2/context.json","@id":"https://sammlung.volkskundemuseum.at/i3f/v20/319073"},"format":"image/jpeg","height":305,"width":1000,"@id":"https://sammlung.volkskundemuseum.at/download/webcache/1000/319073","@type":"dctypes:Image"},"on":"https://sammlung.volkskundemuseum.at/i3f/v20/318893/canvas/319073","motivation":"sc:painting","@id":"https://sammlung.volkskundemuseum.at/i3f/v20/318893/annotation/319073","@type":"oa:Annotation"}],"label":"[2]","@id":"https://sammlung.volkskundemuseum.at/i3f/v20/318893/canvas/319073","@type":"sc:Canvas"}],"viewingHint":"paged","startCanvas":"https://sammlung.volkskundemuseum.at/i3f/v20/318893/canvas/319072","viewingDirection":"left-to-right","label":"Current Page Order","@context":"http://iiif.io/api/presentation/2/context.json","@id":"https://sammlung.volkskundemuseum.at/i3f/v20/318893/sequence/normal","@type":"sc:Sequence"}],"label":"\u00d6MV/78772: Zwei Kleidungsfragmente, bestickt, zusammengeheftet","thumbnail":{"width":304,"height":88,"@id":"https://sammlung.volkskundemuseum.at/i3f/v21/319072/full/304/0/default.jpg","@type":"dctypes:Image","format":"image/jpeg"},"logo":{"@id":"https://sammlung.volkskundemuseum.at/domainresource/static/graphics/connectors/viewerLogo.gif","service":{"profile":"http://iiif.io/api/image/2/level2.json","@context":"http://iiif.io/api/image/2/context.json","@id":""}},"@context":"http://iiif.io/api/presentation/2/context.json","seeAlso":{"format":"application/xml","@id":"https://sammlung.volkskundemuseum.at/oai?verb=GetRecord&metadataPrefix=mets&identifier=318893","label":"METS"},"@id":"https://sammlung.volkskundemuseum.at/i3f/v20/318893/manifest","@type":"sc:Manifest","metadata":[{"value":"Zwei zusammengeheftete, gewebte Baumwollstoffst\u00fccke, mit Baumwollgarn bestickt (Stiel-, Languetten- und Plattstich, Lochstickerei), die aus einem Kleidungsst\u00fcck ausgeschnitten wurden; das l\u00e4ngere St\u00fcck auf einen Baumwollstoff aufgen\u00e4ht. Auf einem aufgen\u00e4hten Papierzettel steht mit Bleistrift geschrieben: \u201eNr. 220 3 K\u201c. [Kathrin Pallestrang]","label":"Beschreibung"},{"value":"Fl\u00f6ge, Emilie","label":"Sammler:in"},{"value":"unbekannt","label":"Hersteller:in"},{"value":"Bzince pod Javorinou (Herstellungsort)   ; um 1900 (Herstellungszeit)","label":"Entstehung"},{"value":"Bzince pod Javorinou (Verwendungsort)   ; Wien (Verwendungsort)   ; um 1900","label":"Verwendung"},{"value":"Baumwolle","label":"Material"},{"value":"Weben ; Sticken ; N\u00e4hen","label":"Technik"},{"value":"L: 31,7 cm B: 3,5 cm","label":"Abmessungen"},{"value":"Objekt","label":"Objekttyp"},{"value":"Fragment, textil","label":"Objektart"},{"value":"Pallestrang, Kathrin: Die Textilmustersammlung Emilie Fl\u00f6ge im \u00d6sterreichischen Museum f\u00fcr Volkskunde. 2. Auflage. Wien 2015 (= Objekte im Fokus 2).","label":"Weiterf\u00fchrende Informationen"},{"value":"Pallestrang, Kathrin: Die Textilmustersammlung Emilie Fl\u00f6ge im \u00d6sterreichischen Museum f\u00fcr Volkskunde. 2. Auflage. Wien 2015 (= Objekte im Fokus 2), S. 54, Kat.Nr. 2.58 und 2.59 und Abb. 2.58\u20132.59.","label":"Dokumentation"},{"value":"\u00d6MV/78772","label":"Inventarnummer"},{"value":"Ankauf","label":"Erwerbungsart"}]}