{"viewingHint":"paged","service":[],"structures":[{"ranges":["https://sammlung.volkskundemuseum.at/i3f/v20/318891/range/318969","https://sammlung.volkskundemuseum.at/i3f/v20/318891/range/318970"],"viewingHint":"top","@id":"https://sammlung.volkskundemuseum.at/i3f/v20/318891/range/318891","@type":"sc:Range","label":"Table of Contents"},{"canvases":["https://sammlung.volkskundemuseum.at/i3f/v20/318891/canvas/319068"],"@id":"https://sammlung.volkskundemuseum.at/i3f/v20/318891/range/318969","@type":"sc:Range","label":"dig/40880: Volkskundemuseum Wien / Foto: Pixelstorm, Wien"},{"canvases":["https://sammlung.volkskundemuseum.at/i3f/v20/318891/canvas/319069"],"@id":"https://sammlung.volkskundemuseum.at/i3f/v20/318891/range/318970","@type":"sc:Range","label":"dig/40881: Volkskundemuseum Wien / Foto: Pixelstorm, Wien"}],"sequences":[{"canvases":[{"height":4091,"width":5552,"images":[{"resource":{"service":{"profile":"http://iiif.io/api/image/2/level2.json","@context":"http://iiif.io/api/image/2/context.json","@id":"https://sammlung.volkskundemuseum.at/i3f/v20/319068"},"format":"image/jpeg","height":736,"width":1000,"@id":"https://sammlung.volkskundemuseum.at/download/webcache/1000/319068","@type":"dctypes:Image"},"on":"https://sammlung.volkskundemuseum.at/i3f/v20/318891/canvas/319068","motivation":"sc:painting","@id":"https://sammlung.volkskundemuseum.at/i3f/v20/318891/annotation/319068","@type":"oa:Annotation"}],"label":"[1]","@id":"https://sammlung.volkskundemuseum.at/i3f/v20/318891/canvas/319068","@type":"sc:Canvas"},{"height":4195,"width":5581,"images":[{"resource":{"service":{"profile":"http://iiif.io/api/image/2/level2.json","@context":"http://iiif.io/api/image/2/context.json","@id":"https://sammlung.volkskundemuseum.at/i3f/v20/319069"},"format":"image/jpeg","height":751,"width":1000,"@id":"https://sammlung.volkskundemuseum.at/download/webcache/1000/319069","@type":"dctypes:Image"},"on":"https://sammlung.volkskundemuseum.at/i3f/v20/318891/canvas/319069","motivation":"sc:painting","@id":"https://sammlung.volkskundemuseum.at/i3f/v20/318891/annotation/319069","@type":"oa:Annotation"}],"label":"[2]","@id":"https://sammlung.volkskundemuseum.at/i3f/v20/318891/canvas/319069","@type":"sc:Canvas"}],"viewingHint":"paged","startCanvas":"https://sammlung.volkskundemuseum.at/i3f/v20/318891/canvas/319068","viewingDirection":"left-to-right","label":"Current Page Order","@context":"http://iiif.io/api/presentation/2/context.json","@id":"https://sammlung.volkskundemuseum.at/i3f/v20/318891/sequence/normal","@type":"sc:Sequence"}],"label":"\u00d6MV/78767: Gilet, bestickt","thumbnail":{"width":304,"height":224,"@id":"https://sammlung.volkskundemuseum.at/i3f/v21/319068/full/304/0/default.jpg","@type":"dctypes:Image","format":"image/jpeg"},"logo":{"@id":"https://sammlung.volkskundemuseum.at/domainresource/static/graphics/connectors/viewerLogo.gif","service":{"profile":"http://iiif.io/api/image/2/level2.json","@context":"http://iiif.io/api/image/2/context.json","@id":""}},"@context":"http://iiif.io/api/presentation/2/context.json","seeAlso":{"format":"application/xml","@id":"https://sammlung.volkskundemuseum.at/oai?verb=GetRecord&metadataPrefix=mets&identifier=318891","label":"METS"},"@id":"https://sammlung.volkskundemuseum.at/i3f/v20/318891/manifest","@type":"sc:Manifest","metadata":[{"value":"Seidentaft, mit Leinenstoff gef\u00fcttert, mit Baumwollgarn bestickt (Hexen-, Stiel-, Platt- und Vorstich). R\u00fccken zus\u00e4tzlich mit facettierten Pailletten und verschiedenf\u00e4rbigen Glasperlen besetzt, Kanten mit gewebten Wollborten besetzt. Kn\u00f6pfe aus Metall mit Glaseins\u00e4tzen, nur der oberste und unterste Knopf k\u00f6nnen mittels ausgef\u00fchrtem Knopfloch geschlossen werden. Die restlichen Knopfl\u00f6cher sind blind ausgef\u00fchrt; die Knopfleisten sind bogenf\u00f6rmig angeordnet, so dass ein Verschlie\u00dfen ohnehin nicht m\u00f6glich w\u00e4re; zwei Reihen Wollquasten akzentuieren die B\u00f6gen der Knopfleisten. [Kathrin Pallestrang]","label":"Beschreibung"},{"value":"Fl\u00f6ge, Emilie","label":"Sammler:in"},{"value":"unbekannt","label":"Hersteller:in"},{"value":"[M\u00e4hrische Slowakei?] (Herstellungsort)   ; [Nordwestslowakei?] (Herstellungsort)   ; um 1900 (Herstellungszeit)","label":"Entstehung"},{"value":"[M\u00e4hrische Slowakei?] (Verwendungsort)   ; [Nordwestslowakei?] (Verwendungsort)   ; Wien (Verwendungsort)   ; um 1900","label":"Verwendung"},{"value":"Seide ; Leinen ; Wolle ; Glas ; Metall","label":"Material"},{"value":"Weben ; Sticken ; N\u00e4hen ; [gegossen (Metall)?] ; [gepresst (Glas)?]","label":"Technik"},{"value":"L max.: 29,5 cm Brustumfang: 76 cm","label":"Abmessungen"},{"value":"Objekt","label":"Objekttyp"},{"value":"Gilet  ; Objekt, m\u00e4nnlich gelesen","label":"Objektart"},{"value":"Pallestrang, Kathrin: Die Textilmustersammlung Emilie Fl\u00f6ge im \u00d6sterreichischen Museum f\u00fcr Volkskunde. 2. Auflage. Wien 2015 (= Objekte im Fokus 2).","label":"Weiterf\u00fchrende Informationen"},{"value":"Pallestrang, Kathrin: Die Textilmustersammlung Emilie Fl\u00f6ge im \u00d6sterreichischen Museum f\u00fcr Volkskunde. 2. Auflage. Wien 2015 (= Objekte im Fokus 2), S. 31, Kat.Nr. 1.15.","label":"Dokumentation"},{"value":"\u00d6MV/78767","label":"Inventarnummer"},{"value":"Ankauf","label":"Erwerbungsart"}]}