{"viewingHint":"paged","service":[],"structures":[{"ranges":["https://sammlung.volkskundemuseum.at/i3f/v20/318890/range/318967","https://sammlung.volkskundemuseum.at/i3f/v20/318890/range/318968"],"viewingHint":"top","@id":"https://sammlung.volkskundemuseum.at/i3f/v20/318890/range/318890","@type":"sc:Range","label":"Table of Contents"},{"canvases":["https://sammlung.volkskundemuseum.at/i3f/v20/318890/canvas/319066"],"@id":"https://sammlung.volkskundemuseum.at/i3f/v20/318890/range/318967","@type":"sc:Range","label":"dig/40878: Volkskundemuseum Wien / Foto: Pixelstorm, Wien"},{"canvases":["https://sammlung.volkskundemuseum.at/i3f/v20/318890/canvas/319067"],"@id":"https://sammlung.volkskundemuseum.at/i3f/v20/318890/range/318968","@type":"sc:Range","label":"dig/40879: Volkskundemuseum Wien / Foto: Pixelstorm, Wien"}],"sequences":[{"canvases":[{"height":7070,"width":6561,"images":[{"resource":{"service":{"profile":"http://iiif.io/api/image/2/level2.json","@context":"http://iiif.io/api/image/2/context.json","@id":"https://sammlung.volkskundemuseum.at/i3f/v20/319066"},"format":"image/jpeg","height":1077,"width":1000,"@id":"https://sammlung.volkskundemuseum.at/download/webcache/1000/319066","@type":"dctypes:Image"},"on":"https://sammlung.volkskundemuseum.at/i3f/v20/318890/canvas/319066","motivation":"sc:painting","@id":"https://sammlung.volkskundemuseum.at/i3f/v20/318890/annotation/319066","@type":"oa:Annotation"}],"label":"[1]","@id":"https://sammlung.volkskundemuseum.at/i3f/v20/318890/canvas/319066","@type":"sc:Canvas"},{"height":6856,"width":6555,"images":[{"resource":{"service":{"profile":"http://iiif.io/api/image/2/level2.json","@context":"http://iiif.io/api/image/2/context.json","@id":"https://sammlung.volkskundemuseum.at/i3f/v20/319067"},"format":"image/jpeg","height":1045,"width":1000,"@id":"https://sammlung.volkskundemuseum.at/download/webcache/1000/319067","@type":"dctypes:Image"},"on":"https://sammlung.volkskundemuseum.at/i3f/v20/318890/canvas/319067","motivation":"sc:painting","@id":"https://sammlung.volkskundemuseum.at/i3f/v20/318890/annotation/319067","@type":"oa:Annotation"}],"label":"[2]","@id":"https://sammlung.volkskundemuseum.at/i3f/v20/318890/canvas/319067","@type":"sc:Canvas"}],"viewingHint":"paged","startCanvas":"https://sammlung.volkskundemuseum.at/i3f/v20/318890/canvas/319066","viewingDirection":"left-to-right","label":"Current Page Order","@context":"http://iiif.io/api/presentation/2/context.json","@id":"https://sammlung.volkskundemuseum.at/i3f/v20/318890/sequence/normal","@type":"sc:Sequence"}],"label":"\u00d6MV/78764: Spitzenkragen","thumbnail":{"width":304,"height":327,"@id":"https://sammlung.volkskundemuseum.at/i3f/v21/319066/full/304/0/default.jpg","@type":"dctypes:Image","format":"image/jpeg"},"logo":{"@id":"https://sammlung.volkskundemuseum.at/domainresource/static/graphics/connectors/viewerLogo.gif","service":{"profile":"http://iiif.io/api/image/2/level2.json","@context":"http://iiif.io/api/image/2/context.json","@id":""}},"@context":"http://iiif.io/api/presentation/2/context.json","seeAlso":{"format":"application/xml","@id":"https://sammlung.volkskundemuseum.at/oai?verb=GetRecord&metadataPrefix=mets&identifier=318890","label":"METS"},"@id":"https://sammlung.volkskundemuseum.at/i3f/v20/318890/manifest","@type":"sc:Manifest","metadata":[{"value":"Maschinenspitze (Baumwolle) mit zwei Abn\u00e4hern, mit T\u00fcllspitze kombiniert, drei Kanten mit schmaler Maschinenspitze eingefasst; der Halsausschnitt mit einem Schr\u00e4gband eingefasst. Als Verl\u00e4ngerung von diesem ist auf einer Seite ein weiteres St\u00fcck Schr\u00e4gband aufgen\u00e4ht, auf dem mit Filzstift \u201eFFA 258\u201c geschrieben steht. [Kathrin Pallestrang]","label":"Beschreibung"},{"value":"Fl\u00f6ge, Emilie","label":"Sammler:in"},{"value":"unbekannt","label":"Hersteller:in"},{"value":"unbekannt (Herstellungsort)  ; um 1900 (Herstellungszeit)","label":"Entstehung"},{"value":"Wien (Verwendungsort)   ; um 1900","label":"Verwendung"},{"value":"Baumwolle","label":"Material"},{"value":"Maschinenspitze ; Weben ; N\u00e4hen","label":"Technik"},{"value":"L: 40,5 cm B: 42 cm","label":"Abmessungen"},{"value":"Objekt","label":"Objekttyp"},{"value":"Teil, textil  ; Kragen  ; Maschinenspitze","label":"Objektart"},{"value":"Pallestrang, Kathrin: Die Textilmustersammlung Emilie Fl\u00f6ge im \u00d6sterreichischen Museum f\u00fcr Volkskunde. 2. Auflage. Wien 2015 (= Objekte im Fokus 2).","label":"Weiterf\u00fchrende Informationen"},{"value":"Pallestrang, Kathrin: Die Textilmustersammlung Emilie Fl\u00f6ge im \u00d6sterreichischen Museum f\u00fcr Volkskunde. 2. Auflage. Wien 2015 (= Objekte im Fokus 2), S. 68, Kat.Nr. 3.42 und Abb. 3.42.","label":"Dokumentation"},{"value":"\u00d6MV/78764","label":"Inventarnummer"},{"value":"Ankauf","label":"Erwerbungsart"}]}