{"viewingHint":"paged","service":[],"structures":[{"ranges":["https://sammlung.volkskundemuseum.at/i3f/v20/318889/range/318965","https://sammlung.volkskundemuseum.at/i3f/v20/318889/range/318966"],"viewingHint":"top","@id":"https://sammlung.volkskundemuseum.at/i3f/v20/318889/range/318889","@type":"sc:Range","label":"Table of Contents"},{"canvases":["https://sammlung.volkskundemuseum.at/i3f/v20/318889/canvas/319064"],"@id":"https://sammlung.volkskundemuseum.at/i3f/v20/318889/range/318965","@type":"sc:Range","label":"dig/40826: Volkskundemuseum Wien"},{"canvases":["https://sammlung.volkskundemuseum.at/i3f/v20/318889/canvas/319065"],"@id":"https://sammlung.volkskundemuseum.at/i3f/v20/318889/range/318966","@type":"sc:Range","label":"dig/40827: Volkskundemuseum Wien"}],"sequences":[{"canvases":[{"height":4505,"width":9597,"images":[{"resource":{"service":{"profile":"http://iiif.io/api/image/2/level2.json","@context":"http://iiif.io/api/image/2/context.json","@id":"https://sammlung.volkskundemuseum.at/i3f/v20/319064"},"format":"image/jpeg","height":469,"width":1000,"@id":"https://sammlung.volkskundemuseum.at/download/webcache/1000/319064","@type":"dctypes:Image"},"on":"https://sammlung.volkskundemuseum.at/i3f/v20/318889/canvas/319064","motivation":"sc:painting","@id":"https://sammlung.volkskundemuseum.at/i3f/v20/318889/annotation/319064","@type":"oa:Annotation"}],"label":"[1]","@id":"https://sammlung.volkskundemuseum.at/i3f/v20/318889/canvas/319064","@type":"sc:Canvas"},{"height":2253,"width":4799,"images":[{"resource":{"service":{"profile":"http://iiif.io/api/image/2/level2.json","@context":"http://iiif.io/api/image/2/context.json","@id":"https://sammlung.volkskundemuseum.at/i3f/v20/319065"},"format":"image/jpeg","height":469,"width":1000,"@id":"https://sammlung.volkskundemuseum.at/download/webcache/1000/319065","@type":"dctypes:Image"},"on":"https://sammlung.volkskundemuseum.at/i3f/v20/318889/canvas/319065","motivation":"sc:painting","@id":"https://sammlung.volkskundemuseum.at/i3f/v20/318889/annotation/319065","@type":"oa:Annotation"}],"label":"[2]","@id":"https://sammlung.volkskundemuseum.at/i3f/v20/318889/canvas/319065","@type":"sc:Canvas"}],"viewingHint":"paged","startCanvas":"https://sammlung.volkskundemuseum.at/i3f/v20/318889/canvas/319064","viewingDirection":"left-to-right","label":"Current Page Order","@context":"http://iiif.io/api/presentation/2/context.json","@id":"https://sammlung.volkskundemuseum.at/i3f/v20/318889/sequence/normal","@type":"sc:Sequence"}],"label":"\u00d6MV/78760: \u00c4rmelfragment, bestickt","thumbnail":{"width":304,"height":142,"@id":"https://sammlung.volkskundemuseum.at/i3f/v21/319064/full/304/0/default.jpg","@type":"dctypes:Image","format":"image/jpeg"},"logo":{"@id":"https://sammlung.volkskundemuseum.at/domainresource/static/graphics/connectors/viewerLogo.gif","service":{"profile":"http://iiif.io/api/image/2/level2.json","@context":"http://iiif.io/api/image/2/context.json","@id":""}},"@context":"http://iiif.io/api/presentation/2/context.json","seeAlso":{"format":"application/xml","@id":"https://sammlung.volkskundemuseum.at/oai?verb=GetRecord&metadataPrefix=mets&identifier=318889","label":"METS"},"@id":"https://sammlung.volkskundemuseum.at/i3f/v20/318889/manifest","@type":"sc:Manifest","metadata":[{"value":"Gewebter Baumwollstoff gesmokt, mit Reihenfaltenverzierung in Seidengarn; Kante einer L\u00e4ngsseite umgebogen und gen\u00e4ht. Der Blauanteil der gr\u00fcnen Farbe ist ausgeblutet. Aus einem Kleidungsst\u00fcck ausgeschnitten; auf einem auf der R\u00fcckseite aufgen\u00e4hten Zettel steht mit Bleistift \u201e52\u201c geschrieben. [Kathrin Pallestrang]","label":"Beschreibung"},{"value":"Fl\u00f6ge, Emilie","label":"Sammler:in"},{"value":"unbekannt","label":"Hersteller:in"},{"value":"Zliechov (Herstellungsort)  ; um 1900 (Herstellungszeit)","label":"Entstehung"},{"value":"Zliechov (Verwendungsort)  ; Wien (Verwendungsort)   ; um 1900","label":"Verwendung"},{"value":"Baumwolle ; Seide","label":"Material"},{"value":"Weben ; N\u00e4hen ; Sticken","label":"Technik"},{"value":"L: 19 cm B: 8 cm","label":"Abmessungen"},{"value":"Objekt","label":"Objekttyp"},{"value":"Fragment, textil ; \u00c4rmel","label":"Objektart"},{"value":"Pallestrang, Kathrin: Die Textilmustersammlung Emilie Fl\u00f6ge im \u00d6sterreichischen Museum f\u00fcr Volkskunde. 2. Auflage. Wien 2015 (= Objekte im Fokus 2).","label":"Weiterf\u00fchrende Informationen"},{"value":"Pallestrang, Kathrin: Die Textilmustersammlung Emilie Fl\u00f6ge im \u00d6sterreichischen Museum f\u00fcr Volkskunde. 2. Auflage. Wien 2015 (= Objekte im Fokus 2), S. 52, Kat. Nr. 2.48 und Abb. 2.48.","label":"Dokumentation"},{"value":"\u00d6MV/78760","label":"Inventarnummer"},{"value":"Ankauf","label":"Erwerbungsart"}]}