{"viewingHint":"paged","service":[],"structures":[{"ranges":["https://sammlung.volkskundemuseum.at/i3f/v20/318888/range/318963","https://sammlung.volkskundemuseum.at/i3f/v20/318888/range/318964"],"viewingHint":"top","@id":"https://sammlung.volkskundemuseum.at/i3f/v20/318888/range/318888","@type":"sc:Range","label":"Table of Contents"},{"canvases":["https://sammlung.volkskundemuseum.at/i3f/v20/318888/canvas/319062"],"@id":"https://sammlung.volkskundemuseum.at/i3f/v20/318888/range/318963","@type":"sc:Range","label":"dig/40876: Volkskundemuseum Wien / Foto: Pixelstorm, Wien"},{"canvases":["https://sammlung.volkskundemuseum.at/i3f/v20/318888/canvas/319063"],"@id":"https://sammlung.volkskundemuseum.at/i3f/v20/318888/range/318964","@type":"sc:Range","label":"dig/40877: Volkskundemuseum Wien / Foto: Pixelstorm, Wien"}],"sequences":[{"canvases":[{"height":3309,"width":7272,"images":[{"resource":{"service":{"profile":"http://iiif.io/api/image/2/level2.json","@context":"http://iiif.io/api/image/2/context.json","@id":"https://sammlung.volkskundemuseum.at/i3f/v20/319062"},"format":"image/jpeg","height":455,"width":1000,"@id":"https://sammlung.volkskundemuseum.at/download/webcache/1000/319062","@type":"dctypes:Image"},"on":"https://sammlung.volkskundemuseum.at/i3f/v20/318888/canvas/319062","motivation":"sc:painting","@id":"https://sammlung.volkskundemuseum.at/i3f/v20/318888/annotation/319062","@type":"oa:Annotation"}],"label":"[1]","@id":"https://sammlung.volkskundemuseum.at/i3f/v20/318888/canvas/319062","@type":"sc:Canvas"},{"height":3657,"width":7365,"images":[{"resource":{"service":{"profile":"http://iiif.io/api/image/2/level2.json","@context":"http://iiif.io/api/image/2/context.json","@id":"https://sammlung.volkskundemuseum.at/i3f/v20/319063"},"format":"image/jpeg","height":496,"width":1000,"@id":"https://sammlung.volkskundemuseum.at/download/webcache/1000/319063","@type":"dctypes:Image"},"on":"https://sammlung.volkskundemuseum.at/i3f/v20/318888/canvas/319063","motivation":"sc:painting","@id":"https://sammlung.volkskundemuseum.at/i3f/v20/318888/annotation/319063","@type":"oa:Annotation"}],"label":"[2]","@id":"https://sammlung.volkskundemuseum.at/i3f/v20/318888/canvas/319063","@type":"sc:Canvas"}],"viewingHint":"paged","startCanvas":"https://sammlung.volkskundemuseum.at/i3f/v20/318888/canvas/319062","viewingDirection":"left-to-right","label":"Current Page Order","@context":"http://iiif.io/api/presentation/2/context.json","@id":"https://sammlung.volkskundemuseum.at/i3f/v20/318888/sequence/normal","@type":"sc:Sequence"}],"label":"\u00d6MV/78758: Sch\u00fcrzenfragment, bestickt","thumbnail":{"width":304,"height":138,"@id":"https://sammlung.volkskundemuseum.at/i3f/v21/319062/full/304/0/default.jpg","@type":"dctypes:Image","format":"image/jpeg"},"logo":{"@id":"https://sammlung.volkskundemuseum.at/domainresource/static/graphics/connectors/viewerLogo.gif","service":{"profile":"http://iiif.io/api/image/2/level2.json","@context":"http://iiif.io/api/image/2/context.json","@id":""}},"@context":"http://iiif.io/api/presentation/2/context.json","seeAlso":{"format":"application/xml","@id":"https://sammlung.volkskundemuseum.at/oai?verb=GetRecord&metadataPrefix=mets&identifier=318888","label":"METS"},"@id":"https://sammlung.volkskundemuseum.at/i3f/v20/318888/manifest","@type":"sc:Manifest","metadata":[{"value":"Gewebter Baumwollstoff mit Wollfaden gesmokt, mit Reihenfaltenverzierung (Flachstich) aus Wollgarn, aus einem gr\u00f6\u00dferen St\u00fcck ausgeschnitten; Reste des Sch\u00fcrzenbandes mit Wollgarn bestickt (Stiel- und Languettenstich). [Kathrin Pallestrang]","label":"Beschreibung"},{"value":"Fl\u00f6ge, Emilie","label":"Sammler:in"},{"value":"unbekannt","label":"Hersteller:in"},{"value":"Zliechov (Herstellungsort)  ; um 1900 (Herstellungszeit)","label":"Entstehung"},{"value":"Zliechov (Verwendungsort)  ; Wien (Verwendungsort)   ; um 1900","label":"Verwendung"},{"value":"Baumwolle ; Wolle (Schafwolle)","label":"Material"},{"value":"N\u00e4hen ; Sticken","label":"Technik"},{"value":"H: 16,4 cm B mit Band: 63 cm","label":"Abmessungen"},{"value":"Objekt","label":"Objekttyp"},{"value":"Fragment, textil ; Sch\u00fcrze","label":"Objektart"},{"value":"Pallestrang, Kathrin: Die Textilmustersammlung Emilie Fl\u00f6ge im \u00d6sterreichischen Museum f\u00fcr Volkskunde. 2. Auflage. Wien 2015 (= Objekte im Fokus 2).","label":"Weiterf\u00fchrende Informationen"},{"value":"Pallestrang, Kathrin: Die Textilmustersammlung Emilie Fl\u00f6ge im \u00d6sterreichischen Museum f\u00fcr Volkskunde. 2. Auflage. Wien 2015 (= Objekte im Fokus 2), S. 52, Kat.Nr. 2.46.","label":"Dokumentation"},{"value":"\u00d6MV/78758","label":"Inventarnummer"},{"value":"Ankauf","label":"Erwerbungsart"}]}