{"viewingHint":"paged","service":[],"structures":[{"ranges":["https://sammlung.volkskundemuseum.at/i3f/v20/318887/range/318961","https://sammlung.volkskundemuseum.at/i3f/v20/318887/range/318962"],"viewingHint":"top","@id":"https://sammlung.volkskundemuseum.at/i3f/v20/318887/range/318887","@type":"sc:Range","label":"Table of Contents"},{"canvases":["https://sammlung.volkskundemuseum.at/i3f/v20/318887/canvas/319060"],"@id":"https://sammlung.volkskundemuseum.at/i3f/v20/318887/range/318961","@type":"sc:Range","label":"dig/40874: Volkskundemuseum Wien / Foto: Pixelstorm, Wien"},{"canvases":["https://sammlung.volkskundemuseum.at/i3f/v20/318887/canvas/319061"],"@id":"https://sammlung.volkskundemuseum.at/i3f/v20/318887/range/318962","@type":"sc:Range","label":"dig/40875: Volkskundemuseum Wien / Foto: Pixelstorm, Wien"}],"sequences":[{"canvases":[{"height":5344,"width":5984,"images":[{"resource":{"service":{"profile":"http://iiif.io/api/image/2/level2.json","@context":"http://iiif.io/api/image/2/context.json","@id":"https://sammlung.volkskundemuseum.at/i3f/v20/319060"},"format":"image/jpeg","height":893,"width":1000,"@id":"https://sammlung.volkskundemuseum.at/download/webcache/1000/319060","@type":"dctypes:Image"},"on":"https://sammlung.volkskundemuseum.at/i3f/v20/318887/canvas/319060","motivation":"sc:painting","@id":"https://sammlung.volkskundemuseum.at/i3f/v20/318887/annotation/319060","@type":"oa:Annotation"}],"label":"[1]","@id":"https://sammlung.volkskundemuseum.at/i3f/v20/318887/canvas/319060","@type":"sc:Canvas"},{"height":4928,"width":5507,"images":[{"resource":{"service":{"profile":"http://iiif.io/api/image/2/level2.json","@context":"http://iiif.io/api/image/2/context.json","@id":"https://sammlung.volkskundemuseum.at/i3f/v20/319061"},"format":"image/jpeg","height":894,"width":1000,"@id":"https://sammlung.volkskundemuseum.at/download/webcache/1000/319061","@type":"dctypes:Image"},"on":"https://sammlung.volkskundemuseum.at/i3f/v20/318887/canvas/319061","motivation":"sc:painting","@id":"https://sammlung.volkskundemuseum.at/i3f/v20/318887/annotation/319061","@type":"oa:Annotation"}],"label":"[2]","@id":"https://sammlung.volkskundemuseum.at/i3f/v20/318887/canvas/319061","@type":"sc:Canvas"}],"viewingHint":"paged","startCanvas":"https://sammlung.volkskundemuseum.at/i3f/v20/318887/canvas/319060","viewingDirection":"left-to-right","label":"Current Page Order","@context":"http://iiif.io/api/presentation/2/context.json","@id":"https://sammlung.volkskundemuseum.at/i3f/v20/318887/sequence/normal","@type":"sc:Sequence"}],"label":"\u00d6MV/78753: Tischdecke","thumbnail":{"width":304,"height":271,"@id":"https://sammlung.volkskundemuseum.at/i3f/v21/319060/full/304/0/default.jpg","@type":"dctypes:Image","format":"image/jpeg"},"logo":{"@id":"https://sammlung.volkskundemuseum.at/domainresource/static/graphics/connectors/viewerLogo.gif","service":{"profile":"http://iiif.io/api/image/2/level2.json","@context":"http://iiif.io/api/image/2/context.json","@id":""}},"@context":"http://iiif.io/api/presentation/2/context.json","seeAlso":{"format":"application/xml","@id":"https://sammlung.volkskundemuseum.at/oai?verb=GetRecord&metadataPrefix=mets&identifier=318887","label":"METS"},"@id":"https://sammlung.volkskundemuseum.at/i3f/v20/318887/manifest","@type":"sc:Manifest","metadata":[{"value":"Baumwollt\u00fcll mit gewebten Baumwollstoffapplikationen aus Trakovice, an den Kanten mit einer Kl\u00f6ppelspitze (Leinenschlag) besetzt, die Dagobert Peche f\u00fcr die Wiener Werkst\u00e4tte entwarf. [Kathrin Pallestrang]","label":"Beschreibung"},{"value":"Fl\u00f6ge, Emilie","label":"Sammler:in"},{"value":"unbekannt","label":"Hersteller:in"},{"value":"Wiener Werkst\u00e4tte","label":"Hersteller:in"},{"value":"Peche, Dagobert","label":"Beteiligt"},{"value":"Trakovice (Herstellungsort)  ; [Wien?] (Herstellungsort)   ; um 1900 (Herstellungszeit)","label":"Entstehung"},{"value":"Trakovice (Verwendungsort)  ; Wien (Verwendungsort)   ; um 1900","label":"Verwendung"},{"value":"Baumwolle","label":"Material"},{"value":"T\u00fcll ; Weben ; N\u00e4hen ; Kl\u00f6ppeln","label":"Technik"},{"value":"L: 65 cm B: 54 cm","label":"Abmessungen"},{"value":"Objekt","label":"Objekttyp"},{"value":"Tischdecke und Tischtuch","label":"Objektart"},{"value":"Pallestrang, Kathrin: Die Textilmustersammlung Emilie Fl\u00f6ge im \u00d6sterreichischen Museum f\u00fcr Volkskunde. 2. Auflage. Wien 2015 (= Objekte im Fokus 2).","label":"Weiterf\u00fchrende Informationen"},{"value":"Pallestrang, Kathrin: Die Textilmustersammlung Emilie Fl\u00f6ge im \u00d6sterreichischen Museum f\u00fcr Volkskunde. 2. Auflage. Wien 2015 (= Objekte im Fokus 2), S. 75, Kat.Nr. 4.18 und Abb. 4.18.","label":"Dokumentation"},{"value":"\u00d6MV/78753","label":"Inventarnummer"},{"value":"Ankauf","label":"Erwerbungsart"}]}