{"viewingHint":"paged","service":[],"structures":[{"ranges":["https://sammlung.volkskundemuseum.at/i3f/v20/318886/range/318959","https://sammlung.volkskundemuseum.at/i3f/v20/318886/range/318960"],"viewingHint":"top","@id":"https://sammlung.volkskundemuseum.at/i3f/v20/318886/range/318886","@type":"sc:Range","label":"Table of Contents"},{"canvases":["https://sammlung.volkskundemuseum.at/i3f/v20/318886/canvas/319058"],"@id":"https://sammlung.volkskundemuseum.at/i3f/v20/318886/range/318959","@type":"sc:Range","label":"dig/40872: Volkskundemuseum Wien / Foto: Pixelstorm, Wien"},{"canvases":["https://sammlung.volkskundemuseum.at/i3f/v20/318886/canvas/319059"],"@id":"https://sammlung.volkskundemuseum.at/i3f/v20/318886/range/318960","@type":"sc:Range","label":"dig/40873: Volkskundemuseum Wien / Foto: Pixelstorm, Wien"}],"sequences":[{"canvases":[{"height":7662,"width":8309,"images":[{"resource":{"service":{"profile":"http://iiif.io/api/image/2/level2.json","@context":"http://iiif.io/api/image/2/context.json","@id":"https://sammlung.volkskundemuseum.at/i3f/v20/319058"},"format":"image/jpeg","height":922,"width":1000,"@id":"https://sammlung.volkskundemuseum.at/download/webcache/1000/319058","@type":"dctypes:Image"},"on":"https://sammlung.volkskundemuseum.at/i3f/v20/318886/canvas/319058","motivation":"sc:painting","@id":"https://sammlung.volkskundemuseum.at/i3f/v20/318886/annotation/319058","@type":"oa:Annotation"}],"label":"[1]","@id":"https://sammlung.volkskundemuseum.at/i3f/v20/318886/canvas/319058","@type":"sc:Canvas"},{"height":7415,"width":7963,"images":[{"resource":{"service":{"profile":"http://iiif.io/api/image/2/level2.json","@context":"http://iiif.io/api/image/2/context.json","@id":"https://sammlung.volkskundemuseum.at/i3f/v20/319059"},"format":"image/jpeg","height":931,"width":1000,"@id":"https://sammlung.volkskundemuseum.at/download/webcache/1000/319059","@type":"dctypes:Image"},"on":"https://sammlung.volkskundemuseum.at/i3f/v20/318886/canvas/319059","motivation":"sc:painting","@id":"https://sammlung.volkskundemuseum.at/i3f/v20/318886/annotation/319059","@type":"oa:Annotation"}],"label":"[2]","@id":"https://sammlung.volkskundemuseum.at/i3f/v20/318886/canvas/319059","@type":"sc:Canvas"}],"viewingHint":"paged","startCanvas":"https://sammlung.volkskundemuseum.at/i3f/v20/318886/canvas/319058","viewingDirection":"left-to-right","label":"Current Page Order","@context":"http://iiif.io/api/presentation/2/context.json","@id":"https://sammlung.volkskundemuseum.at/i3f/v20/318886/sequence/normal","@type":"sc:Sequence"}],"label":"\u00d6MV/78732/001: M\u00f6belstoff vom Seitenteil eines Sessels","thumbnail":{"width":304,"height":280,"@id":"https://sammlung.volkskundemuseum.at/i3f/v21/319058/full/304/0/default.jpg","@type":"dctypes:Image","format":"image/jpeg"},"logo":{"@id":"https://sammlung.volkskundemuseum.at/domainresource/static/graphics/connectors/viewerLogo.gif","service":{"profile":"http://iiif.io/api/image/2/level2.json","@context":"http://iiif.io/api/image/2/context.json","@id":""}},"@context":"http://iiif.io/api/presentation/2/context.json","seeAlso":{"format":"application/xml","@id":"https://sammlung.volkskundemuseum.at/oai?verb=GetRecord&metadataPrefix=mets&identifier=318886","label":"METS"},"@id":"https://sammlung.volkskundemuseum.at/i3f/v20/318886/manifest","@type":"sc:Manifest","metadata":[{"value":"Gewebter Stoff aus Baumwolle und Wolle (Schussgobelin), entworfen von Otto Prutscher f\u00fcr die Wiener Werkst\u00e4tte und gefertigt von Firma Backhausen (Designnummer: 700141), m\u00f6glicherweise verwendet im Salon Schwestern Fl\u00f6ge. [Kathrin Pallestrang]","label":"Beschreibung"},{"value":"Fl\u00f6ge, Emilie","label":"Sammler:in"},{"value":"Wiener Werkst\u00e4tte","label":"Verlagsauslieferung / Vertrieb"},{"value":"Joh. Backhausen und S\u00f6hne","label":"Hersteller:in"},{"value":"Prutscher, Otto","label":"Beteiligt"},{"value":"Hoheneich (Herstellungsort)   ; 1909 (Herstellungszeit)","label":"Entstehung"},{"value":"Wien (Verwendungsort)   ; 1. H\u00e4lfte 20. Jh.","label":"Verwendung"},{"value":"Baumwolle ; Wolle","label":"Material"},{"value":"Weben","label":"Technik"},{"value":"H max.: 60 cm L max.: 63 cm","label":"Abmessungen"},{"value":"Objekt","label":"Objekttyp"},{"value":"M\u00f6belbezug  ; Teil, textil","label":"Objektart"},{"value":"Pallestrang, Kathrin: Die Textilmustersammlung Emilie Fl\u00f6ge im \u00d6sterreichischen Museum f\u00fcr Volkskunde. 2. Auflage. Wien 2015 (= Objekte im Fokus 2).","label":"Weiterf\u00fchrende Informationen"},{"value":"\u00d6MV/78732/001","label":"Inventarnummer"},{"value":"Ankauf","label":"Erwerbungsart"}]}