{"viewingHint":"paged","service":[],"structures":[{"ranges":["https://sammlung.volkskundemuseum.at/i3f/v20/318885/range/318957","https://sammlung.volkskundemuseum.at/i3f/v20/318885/range/318958"],"viewingHint":"top","@id":"https://sammlung.volkskundemuseum.at/i3f/v20/318885/range/318885","@type":"sc:Range","label":"Table of Contents"},{"canvases":["https://sammlung.volkskundemuseum.at/i3f/v20/318885/canvas/319427"],"@id":"https://sammlung.volkskundemuseum.at/i3f/v20/318885/range/318957","@type":"sc:Range","label":"dig/40870: Volkskundemuseum Wien / Foto: Pixelstorm, Wien"},{"canvases":["https://sammlung.volkskundemuseum.at/i3f/v20/318885/canvas/319428"],"@id":"https://sammlung.volkskundemuseum.at/i3f/v20/318885/range/318958","@type":"sc:Range","label":"dig/40871: Volkskundemuseum Wien / Foto: Pixelstorm, Wien"}],"sequences":[{"canvases":[{"height":3366,"width":8942,"images":[{"resource":{"service":{"profile":"http://iiif.io/api/image/2/level2.json","@context":"http://iiif.io/api/image/2/context.json","@id":"https://sammlung.volkskundemuseum.at/i3f/v20/319427"},"format":"image/jpeg","height":376,"width":1000,"@id":"https://sammlung.volkskundemuseum.at/download/webcache/1000/319427","@type":"dctypes:Image"},"on":"https://sammlung.volkskundemuseum.at/i3f/v20/318885/canvas/319427","motivation":"sc:painting","@id":"https://sammlung.volkskundemuseum.at/i3f/v20/318885/annotation/319427","@type":"oa:Annotation"}],"label":"[1]","@id":"https://sammlung.volkskundemuseum.at/i3f/v20/318885/canvas/319427","@type":"sc:Canvas"},{"height":3291,"width":9090,"images":[{"resource":{"service":{"profile":"http://iiif.io/api/image/2/level2.json","@context":"http://iiif.io/api/image/2/context.json","@id":"https://sammlung.volkskundemuseum.at/i3f/v20/319428"},"format":"image/jpeg","height":362,"width":1000,"@id":"https://sammlung.volkskundemuseum.at/download/webcache/1000/319428","@type":"dctypes:Image"},"on":"https://sammlung.volkskundemuseum.at/i3f/v20/318885/canvas/319428","motivation":"sc:painting","@id":"https://sammlung.volkskundemuseum.at/i3f/v20/318885/annotation/319428","@type":"oa:Annotation"}],"label":"[2]","@id":"https://sammlung.volkskundemuseum.at/i3f/v20/318885/canvas/319428","@type":"sc:Canvas"}],"viewingHint":"paged","startCanvas":"https://sammlung.volkskundemuseum.at/i3f/v20/318885/canvas/319427","viewingDirection":"left-to-right","label":"Current Page Order","@context":"http://iiif.io/api/presentation/2/context.json","@id":"https://sammlung.volkskundemuseum.at/i3f/v20/318885/sequence/normal","@type":"sc:Sequence"}],"label":"\u00d6MV/78714: Sch\u00fcrzenteil, bestickt","thumbnail":{"width":304,"height":114,"@id":"https://sammlung.volkskundemuseum.at/i3f/v21/319427/full/304/0/default.jpg","@type":"dctypes:Image","format":"image/jpeg"},"logo":{"@id":"https://sammlung.volkskundemuseum.at/domainresource/static/graphics/connectors/viewerLogo.gif","service":{"profile":"http://iiif.io/api/image/2/level2.json","@context":"http://iiif.io/api/image/2/context.json","@id":""}},"@context":"http://iiif.io/api/presentation/2/context.json","seeAlso":{"format":"application/xml","@id":"https://sammlung.volkskundemuseum.at/oai?verb=GetRecord&metadataPrefix=mets&identifier=318885","label":"METS"},"@id":"https://sammlung.volkskundemuseum.at/i3f/v20/318885/manifest","@type":"sc:Manifest","metadata":[{"value":"Gewebter Baumwollstoff mit Seidengarn bestickt (Languetten-, Schling- und Plattstich, Lochstickerei), zum Einsatz in eine Sch\u00fcrze gedacht. [Kathrin Pallestrang]","label":"Beschreibung"},{"value":"Fl\u00f6ge, Emilie","label":"Sammler:in"},{"value":"unbekannt","label":"Hersteller:in"},{"value":"B\u00e1ho\u0148 (Herstellungsort)  ; um 1900 (Herstellungszeit)","label":"Entstehung"},{"value":"B\u00e1ho\u0148 (Verwendungsort)  ; Wien (Verwendungsort)   ; um 1900","label":"Verwendung"},{"value":"Baumwolle","label":"Material"},{"value":"Weben ; Sticken ; N\u00e4hen","label":"Technik"},{"value":"L: 74,5 cm B: 24 cm","label":"Abmessungen"},{"value":"Objekt","label":"Objekttyp"},{"value":"Teil, textil  ; Sch\u00fcrze","label":"Objektart"},{"value":"Pallestrang, Kathrin: Die Textilmustersammlung Emilie Fl\u00f6ge im \u00d6sterreichischen Museum f\u00fcr Volkskunde. 2. Auflage. Wien 2015 (= Objekte im Fokus 2).","label":"Weiterf\u00fchrende Informationen"},{"value":"Pallestrang, Kathrin: Die Textilmustersammlung Emilie Fl\u00f6ge im \u00d6sterreichischen Museum f\u00fcr Volkskunde. 2. Auflage. Wien 2015 (= Objekte im Fokus 2), S. 49, Kat. Nr. 2.38 und Abb. S. 34.","label":"Dokumentation"},{"value":"\u00d6MV/78714","label":"Inventarnummer"},{"value":"Ankauf","label":"Erwerbungsart"}]}