{"viewingHint":"paged","service":[],"structures":[{"ranges":["https://sammlung.volkskundemuseum.at/i3f/v20/318884/range/318955","https://sammlung.volkskundemuseum.at/i3f/v20/318884/range/318956"],"viewingHint":"top","@id":"https://sammlung.volkskundemuseum.at/i3f/v20/318884/range/318884","@type":"sc:Range","label":"Table of Contents"},{"canvases":["https://sammlung.volkskundemuseum.at/i3f/v20/318884/canvas/319054"],"@id":"https://sammlung.volkskundemuseum.at/i3f/v20/318884/range/318955","@type":"sc:Range","label":"dig/40868: Volkskundemuseum Wien / Foto: Pixelstorm, Wien"},{"canvases":["https://sammlung.volkskundemuseum.at/i3f/v20/318884/canvas/319055"],"@id":"https://sammlung.volkskundemuseum.at/i3f/v20/318884/range/318956","@type":"sc:Range","label":"dig/40869: Volkskundemuseum Wien / Foto: Pixelstorm, Wien"}],"sequences":[{"canvases":[{"height":3613,"width":10387,"images":[{"resource":{"service":{"profile":"http://iiif.io/api/image/2/level2.json","@context":"http://iiif.io/api/image/2/context.json","@id":"https://sammlung.volkskundemuseum.at/i3f/v20/319054"},"format":"image/jpeg","height":347,"width":1000,"@id":"https://sammlung.volkskundemuseum.at/download/webcache/1000/319054","@type":"dctypes:Image"},"on":"https://sammlung.volkskundemuseum.at/i3f/v20/318884/canvas/319054","motivation":"sc:painting","@id":"https://sammlung.volkskundemuseum.at/i3f/v20/318884/annotation/319054","@type":"oa:Annotation"}],"label":"[1]","@id":"https://sammlung.volkskundemuseum.at/i3f/v20/318884/canvas/319054","@type":"sc:Canvas"},{"height":3528,"width":10444,"images":[{"resource":{"service":{"profile":"http://iiif.io/api/image/2/level2.json","@context":"http://iiif.io/api/image/2/context.json","@id":"https://sammlung.volkskundemuseum.at/i3f/v20/319055"},"format":"image/jpeg","height":337,"width":1000,"@id":"https://sammlung.volkskundemuseum.at/download/webcache/1000/319055","@type":"dctypes:Image"},"on":"https://sammlung.volkskundemuseum.at/i3f/v20/318884/canvas/319055","motivation":"sc:painting","@id":"https://sammlung.volkskundemuseum.at/i3f/v20/318884/annotation/319055","@type":"oa:Annotation"}],"label":"[2]","@id":"https://sammlung.volkskundemuseum.at/i3f/v20/318884/canvas/319055","@type":"sc:Canvas"}],"viewingHint":"paged","startCanvas":"https://sammlung.volkskundemuseum.at/i3f/v20/318884/canvas/319054","viewingDirection":"left-to-right","label":"Current Page Order","@context":"http://iiif.io/api/presentation/2/context.json","@id":"https://sammlung.volkskundemuseum.at/i3f/v20/318884/sequence/normal","@type":"sc:Sequence"}],"label":"\u00d6MV/78713: Kopfschal","thumbnail":{"width":304,"height":105,"@id":"https://sammlung.volkskundemuseum.at/i3f/v21/319054/full/304/0/default.jpg","@type":"dctypes:Image","format":"image/jpeg"},"logo":{"@id":"https://sammlung.volkskundemuseum.at/domainresource/static/graphics/connectors/viewerLogo.gif","service":{"profile":"http://iiif.io/api/image/2/level2.json","@context":"http://iiif.io/api/image/2/context.json","@id":""}},"@context":"http://iiif.io/api/presentation/2/context.json","seeAlso":{"format":"application/xml","@id":"https://sammlung.volkskundemuseum.at/oai?verb=GetRecord&metadataPrefix=mets&identifier=318884","label":"METS"},"@id":"https://sammlung.volkskundemuseum.at/i3f/v20/318884/manifest","@type":"sc:Manifest","metadata":[{"value":"Baumwollbatist, Enden aus gewebten Leinenstoffstreifen, mit Seidengarn bestickt (Platt- und Linienstich), und je zwei Kl\u00f6ppelspitzen (Leinenschlag, Netzschlag, Bandspitze) aus Leinen. Farbe teilweise ausgeblutet. [Kathrin Pallestrang]","label":"Beschreibung"},{"value":"Fl\u00f6ge, Emilie","label":"Sammler:in"},{"value":"unbekannt","label":"Hersteller:in"},{"value":"Bo\u0161\u00e1ca (Herstellungsort)   ; 18. Jh. (Herstellungszeit)","label":"Entstehung"},{"value":"Bo\u0161\u00e1ca (Verwendungsort)   ; Wien (Verwendungsort)   ; 18.-20. Jh.","label":"Verwendung"},{"value":"Baumwolle ; Seide ; Leinen","label":"Material"},{"value":"Weben ; Sticken ; Kl\u00f6ppeln ; N\u00e4hen","label":"Technik"},{"value":"L: 91 cm B: 28,9 cm","label":"Abmessungen"},{"value":"Objekt","label":"Objekttyp"},{"value":"Kopfschal","label":"Objektart"},{"value":"Pallestrang, Kathrin: Die Textilmustersammlung Emilie Fl\u00f6ge im \u00d6sterreichischen Museum f\u00fcr Volkskunde. 2. Auflage. Wien 2015 (= Objekte im Fokus 2).","label":"Weiterf\u00fchrende Informationen"},{"value":"Pallestrang, Kathrin: Die Textilmustersammlung Emilie Fl\u00f6ge im \u00d6sterreichischen Museum f\u00fcr Volkskunde. 2. Auflage. Wien 2015 (= Objekte im Fokus 2), S. 31, Kat.Nr. 1.13 und Abb. 1.13.","label":"Dokumentation"},{"value":"\u00d6MV/78713","label":"Inventarnummer"},{"value":"Ankauf","label":"Erwerbungsart"}]}