{"viewingHint":"paged","service":[],"structures":[{"ranges":["https://sammlung.volkskundemuseum.at/i3f/v20/318883/range/318953","https://sammlung.volkskundemuseum.at/i3f/v20/318883/range/318954"],"viewingHint":"top","@id":"https://sammlung.volkskundemuseum.at/i3f/v20/318883/range/318883","@type":"sc:Range","label":"Table of Contents"},{"canvases":["https://sammlung.volkskundemuseum.at/i3f/v20/318883/canvas/319052"],"@id":"https://sammlung.volkskundemuseum.at/i3f/v20/318883/range/318953","@type":"sc:Range","label":"dig/40866: Volkskundemuseum Wien / Foto: Pixelstorm, Wien"},{"canvases":["https://sammlung.volkskundemuseum.at/i3f/v20/318883/canvas/319053"],"@id":"https://sammlung.volkskundemuseum.at/i3f/v20/318883/range/318954","@type":"sc:Range","label":"dig/40867: Volkskundemuseum Wien / Foto: Pixelstorm, Wien"}],"sequences":[{"canvases":[{"height":3281,"width":10515,"images":[{"resource":{"service":{"profile":"http://iiif.io/api/image/2/level2.json","@context":"http://iiif.io/api/image/2/context.json","@id":"https://sammlung.volkskundemuseum.at/i3f/v20/319052"},"format":"image/jpeg","height":312,"width":1000,"@id":"https://sammlung.volkskundemuseum.at/download/webcache/1000/319052","@type":"dctypes:Image"},"on":"https://sammlung.volkskundemuseum.at/i3f/v20/318883/canvas/319052","motivation":"sc:painting","@id":"https://sammlung.volkskundemuseum.at/i3f/v20/318883/annotation/319052","@type":"oa:Annotation"}],"label":"[1]","@id":"https://sammlung.volkskundemuseum.at/i3f/v20/318883/canvas/319052","@type":"sc:Canvas"},{"height":3307,"width":10267,"images":[{"resource":{"service":{"profile":"http://iiif.io/api/image/2/level2.json","@context":"http://iiif.io/api/image/2/context.json","@id":"https://sammlung.volkskundemuseum.at/i3f/v20/319053"},"format":"image/jpeg","height":322,"width":1000,"@id":"https://sammlung.volkskundemuseum.at/download/webcache/1000/319053","@type":"dctypes:Image"},"on":"https://sammlung.volkskundemuseum.at/i3f/v20/318883/canvas/319053","motivation":"sc:painting","@id":"https://sammlung.volkskundemuseum.at/i3f/v20/318883/annotation/319053","@type":"oa:Annotation"}],"label":"[2]","@id":"https://sammlung.volkskundemuseum.at/i3f/v20/318883/canvas/319053","@type":"sc:Canvas"}],"viewingHint":"paged","startCanvas":"https://sammlung.volkskundemuseum.at/i3f/v20/318883/canvas/319052","viewingDirection":"left-to-right","label":"Current Page Order","@context":"http://iiif.io/api/presentation/2/context.json","@id":"https://sammlung.volkskundemuseum.at/i3f/v20/318883/sequence/normal","@type":"sc:Sequence"}],"label":"\u00d6MV/78712: L\u00e4ufer, aus zwei bestickten \u00c4rmelteilen gefertigt","thumbnail":{"width":304,"height":94,"@id":"https://sammlung.volkskundemuseum.at/i3f/v21/319052/full/304/0/default.jpg","@type":"dctypes:Image","format":"image/jpeg"},"logo":{"@id":"https://sammlung.volkskundemuseum.at/domainresource/static/graphics/connectors/viewerLogo.gif","service":{"profile":"http://iiif.io/api/image/2/level2.json","@context":"http://iiif.io/api/image/2/context.json","@id":""}},"@context":"http://iiif.io/api/presentation/2/context.json","seeAlso":{"format":"application/xml","@id":"https://sammlung.volkskundemuseum.at/oai?verb=GetRecord&metadataPrefix=mets&identifier=318883","label":"METS"},"@id":"https://sammlung.volkskundemuseum.at/i3f/v20/318883/manifest","@type":"sc:Manifest","metadata":[{"value":"Zwei gewebte Baumwollstoffstreifen von einem Hemd aus Rybany, mit Seidengarn bestickt (Stiel- und Plattstich), wurden auf einer Schmalseite zusammengen\u00e4ht und rundum mit zwei unterschiedlichen Kl\u00f6ppelspitzen (Leinen- und Netzschlag) besetzt. [Kathrin Pallestrang]","label":"Beschreibung"},{"value":"Fl\u00f6ge, Emilie","label":"Sammler:in"},{"value":"unbekannt","label":"Hersteller:in"},{"value":"[Salon Schwestern Fl\u00f6ge?]","label":"Hersteller:in"},{"value":"Rybany (Herstellungsort)  ; [Wien?] (Herstellungsort)   ; um 1900 (Herstellungszeit)","label":"Entstehung"},{"value":"Rybany (Verwendungsort)  ; Wien (Verwendungsort)   ; um 1900","label":"Verwendung"},{"value":"Baumwolle ; Seide","label":"Material"},{"value":"Weben ; Sticken ; Kl\u00f6ppeln ; N\u00e4hen","label":"Technik"},{"value":"L: 87 cm B: 23,4 cm","label":"Abmessungen"},{"value":"Objekt","label":"Objekttyp"},{"value":"Tischl\u00e4ufer und Tischdeckchen  ; \u00c4rmelteil","label":"Objektart"},{"value":"Pallestrang, Kathrin: Die Textilmustersammlung Emilie Fl\u00f6ge im \u00d6sterreichischen Museum f\u00fcr Volkskunde. 2. Auflage. Wien 2015 (= Objekte im Fokus 2).","label":"Weiterf\u00fchrende Informationen"},{"value":"Pallestrang, Kathrin: Die Textilmustersammlung Emilie Fl\u00f6ge im \u00d6sterreichischen Museum f\u00fcr Volkskunde. 2. Auflage. Wien 2015 (= Objekte im Fokus 2), S. 75, Kat.Nr. 4.17 und Abb. 4.17.","label":"Dokumentation"},{"value":"\u00d6MV/78712","label":"Inventarnummer"},{"value":"Ankauf","label":"Erwerbungsart"}]}