{"viewingHint":"paged","service":[],"structures":[{"ranges":["https://sammlung.volkskundemuseum.at/i3f/v20/318882/range/318951","https://sammlung.volkskundemuseum.at/i3f/v20/318882/range/318952"],"viewingHint":"top","@id":"https://sammlung.volkskundemuseum.at/i3f/v20/318882/range/318882","@type":"sc:Range","label":"Table of Contents"},{"canvases":["https://sammlung.volkskundemuseum.at/i3f/v20/318882/canvas/319050"],"@id":"https://sammlung.volkskundemuseum.at/i3f/v20/318882/range/318951","@type":"sc:Range","label":"dig/40824: Volkskundemuseum Wien"},{"canvases":["https://sammlung.volkskundemuseum.at/i3f/v20/318882/canvas/319051"],"@id":"https://sammlung.volkskundemuseum.at/i3f/v20/318882/range/318952","@type":"sc:Range","label":"dig/40825: Volkskundemuseum Wien"}],"sequences":[{"canvases":[{"height":2881,"width":3457,"images":[{"resource":{"service":{"profile":"http://iiif.io/api/image/2/level2.json","@context":"http://iiif.io/api/image/2/context.json","@id":"https://sammlung.volkskundemuseum.at/i3f/v20/319050"},"format":"image/jpeg","height":833,"width":1000,"@id":"https://sammlung.volkskundemuseum.at/download/webcache/1000/319050","@type":"dctypes:Image"},"on":"https://sammlung.volkskundemuseum.at/i3f/v20/318882/canvas/319050","motivation":"sc:painting","@id":"https://sammlung.volkskundemuseum.at/i3f/v20/318882/annotation/319050","@type":"oa:Annotation"}],"label":"[1]","@id":"https://sammlung.volkskundemuseum.at/i3f/v20/318882/canvas/319050","@type":"sc:Canvas"},{"height":2882,"width":3457,"images":[{"resource":{"service":{"profile":"http://iiif.io/api/image/2/level2.json","@context":"http://iiif.io/api/image/2/context.json","@id":"https://sammlung.volkskundemuseum.at/i3f/v20/319051"},"format":"image/jpeg","height":833,"width":1000,"@id":"https://sammlung.volkskundemuseum.at/download/webcache/1000/319051","@type":"dctypes:Image"},"on":"https://sammlung.volkskundemuseum.at/i3f/v20/318882/canvas/319051","motivation":"sc:painting","@id":"https://sammlung.volkskundemuseum.at/i3f/v20/318882/annotation/319051","@type":"oa:Annotation"}],"label":"[2]","@id":"https://sammlung.volkskundemuseum.at/i3f/v20/318882/canvas/319051","@type":"sc:Canvas"}],"viewingHint":"paged","startCanvas":"https://sammlung.volkskundemuseum.at/i3f/v20/318882/canvas/319050","viewingDirection":"left-to-right","label":"Current Page Order","@context":"http://iiif.io/api/presentation/2/context.json","@id":"https://sammlung.volkskundemuseum.at/i3f/v20/318882/sequence/normal","@type":"sc:Sequence"}],"label":"\u00d6MV/78710: \u00c4rmelteil, bestickt","thumbnail":{"width":304,"height":253,"@id":"https://sammlung.volkskundemuseum.at/i3f/v21/319050/full/304/0/default.jpg","@type":"dctypes:Image","format":"image/jpeg"},"logo":{"@id":"https://sammlung.volkskundemuseum.at/domainresource/static/graphics/connectors/viewerLogo.gif","service":{"profile":"http://iiif.io/api/image/2/level2.json","@context":"http://iiif.io/api/image/2/context.json","@id":""}},"@context":"http://iiif.io/api/presentation/2/context.json","seeAlso":{"format":"application/xml","@id":"https://sammlung.volkskundemuseum.at/oai?verb=GetRecord&metadataPrefix=mets&identifier=318882","label":"METS"},"@id":"https://sammlung.volkskundemuseum.at/i3f/v20/318882/manifest","@type":"sc:Manifest","metadata":[{"value":"Gewebter Baumwollstoff mit Baumwoll- und Seidengarn bestickt (Platt-, Linien- und Stielstich, Arabischer Stickstich), aus einem \u00c4rmel ausgeschnitten oder f\u00fcr den Einsatz in einen solchen bestimmt, eine Kante umgebogen und geheftet. [Kathrin Pallestrang]","label":"Beschreibung"},{"value":"Fl\u00f6ge, Emilie","label":"Sammler:in"},{"value":"unbekannt","label":"Hersteller:in"},{"value":"\u0160opor\u0148a (Herstellungsort)   ; um 1900 (Herstellungszeit)","label":"Entstehung"},{"value":"\u0160opor\u0148a (Verwendungsort)   ; Wien (Verwendungsort)   ; um 1900","label":"Verwendung"},{"value":"Baumwolle ; Seide","label":"Material"},{"value":"Weben ; Sticken ; N\u00e4hen","label":"Technik"},{"value":"L: 13,5 cm B: 11 cm","label":"Abmessungen"},{"value":"Objekt","label":"Objekttyp"},{"value":"\u00c4rmelteil","label":"Objektart"},{"value":"Pallestrang, Kathrin: Die Textilmustersammlung Emilie Fl\u00f6ge im \u00d6sterreichischen Museum f\u00fcr Volkskunde. 2. Auflage. Wien 2015 (= Objekte im Fokus 2).","label":"Weiterf\u00fchrende Informationen"},{"value":"Pallestrang, Kathrin: Die Textilmustersammlung Emilie Fl\u00f6ge im \u00d6sterreichischen Museum f\u00fcr Volkskunde. 2. Auflage. Wien 2015 (= Objekte im Fokus 2), S. 47, Kat.Nr. 2.36 und Abb. 2.36.","label":"Dokumentation"},{"value":"\u00d6MV/78710","label":"Inventarnummer"},{"value":"Ankauf","label":"Erwerbungsart"}]}