{"viewingHint":"paged","service":[],"structures":[{"ranges":["https://sammlung.volkskundemuseum.at/i3f/v20/318880/range/318947","https://sammlung.volkskundemuseum.at/i3f/v20/318880/range/318948"],"viewingHint":"top","@id":"https://sammlung.volkskundemuseum.at/i3f/v20/318880/range/318880","@type":"sc:Range","label":"Table of Contents"},{"canvases":["https://sammlung.volkskundemuseum.at/i3f/v20/318880/canvas/319046"],"@id":"https://sammlung.volkskundemuseum.at/i3f/v20/318880/range/318947","@type":"sc:Range","label":"dig/40820: Volkskundemuseum Wien"},{"canvases":["https://sammlung.volkskundemuseum.at/i3f/v20/318880/canvas/319047"],"@id":"https://sammlung.volkskundemuseum.at/i3f/v20/318880/range/318948","@type":"sc:Range","label":"dig/40821: Volkskundemuseum Wien"}],"sequences":[{"canvases":[{"height":3715,"width":4404,"images":[{"resource":{"service":{"profile":"http://iiif.io/api/image/2/level2.json","@context":"http://iiif.io/api/image/2/context.json","@id":"https://sammlung.volkskundemuseum.at/i3f/v20/319046"},"format":"image/jpeg","height":843,"width":1000,"@id":"https://sammlung.volkskundemuseum.at/download/webcache/1000/319046","@type":"dctypes:Image"},"on":"https://sammlung.volkskundemuseum.at/i3f/v20/318880/canvas/319046","motivation":"sc:painting","@id":"https://sammlung.volkskundemuseum.at/i3f/v20/318880/annotation/319046","@type":"oa:Annotation"}],"label":"[1]","@id":"https://sammlung.volkskundemuseum.at/i3f/v20/318880/canvas/319046","@type":"sc:Canvas"},{"height":3715,"width":4404,"images":[{"resource":{"service":{"profile":"http://iiif.io/api/image/2/level2.json","@context":"http://iiif.io/api/image/2/context.json","@id":"https://sammlung.volkskundemuseum.at/i3f/v20/319047"},"format":"image/jpeg","height":843,"width":1000,"@id":"https://sammlung.volkskundemuseum.at/download/webcache/1000/319047","@type":"dctypes:Image"},"on":"https://sammlung.volkskundemuseum.at/i3f/v20/318880/canvas/319047","motivation":"sc:painting","@id":"https://sammlung.volkskundemuseum.at/i3f/v20/318880/annotation/319047","@type":"oa:Annotation"}],"label":"[2]","@id":"https://sammlung.volkskundemuseum.at/i3f/v20/318880/canvas/319047","@type":"sc:Canvas"}],"viewingHint":"paged","startCanvas":"https://sammlung.volkskundemuseum.at/i3f/v20/318880/canvas/319046","viewingDirection":"left-to-right","label":"Current Page Order","@context":"http://iiif.io/api/presentation/2/context.json","@id":"https://sammlung.volkskundemuseum.at/i3f/v20/318880/sequence/normal","@type":"sc:Sequence"}],"label":"\u00d6MV/78703: Deckchen, aus dem Bodenteil einer Haube gefertigt","thumbnail":{"width":304,"height":256,"@id":"https://sammlung.volkskundemuseum.at/i3f/v21/319046/full/304/0/default.jpg","@type":"dctypes:Image","format":"image/jpeg"},"logo":{"@id":"https://sammlung.volkskundemuseum.at/domainresource/static/graphics/connectors/viewerLogo.gif","service":{"profile":"http://iiif.io/api/image/2/level2.json","@context":"http://iiif.io/api/image/2/context.json","@id":""}},"@context":"http://iiif.io/api/presentation/2/context.json","seeAlso":{"format":"application/xml","@id":"https://sammlung.volkskundemuseum.at/oai?verb=GetRecord&metadataPrefix=mets&identifier=318880","label":"METS"},"@id":"https://sammlung.volkskundemuseum.at/i3f/v20/318880/manifest","@type":"sc:Manifest","metadata":[{"value":"Gefertigt aus einem Bodenteil einer Haube aus \u0160opor\u0148a: gewebter Baumwollstoff mit Leinengarn bestickt (Platt- und Vorstich). Kanten vers\u00e4ubert und mit einer Einfassung aus zwei ineindander geflochtenen Schn\u00fcren versehen, die jedoch nur mehr an einem Eck fixiert ist. [Kathrin Pallestrang]","label":"Beschreibung"},{"value":"Fl\u00f6ge, Emilie","label":"Sammler:in"},{"value":"unbekannt","label":"Hersteller:in"},{"value":"[Salon Schwestern Fl\u00f6ge?]","label":"Hersteller:in"},{"value":"\u0160opor\u0148a (Herstellungsort)   ; [Wien?] (Herstellungsort)   ; um 1900 (Herstellungszeit)","label":"Entstehung"},{"value":"\u0160opor\u0148a (Verwendungsort)   ; Wien (Verwendungsort)   ; um 1900","label":"Verwendung"},{"value":"Baumwolle ; Leinen","label":"Material"},{"value":"Weben ; Sticken","label":"Technik"},{"value":"L: 13 cm B: 14,5 cm","label":"Abmessungen"},{"value":"Objekt","label":"Objekttyp"},{"value":"Zierdeckchen  ; Teil, textil  ; Weiche Bodenhaube","label":"Objektart"},{"value":"Pallestrang, Kathrin: Die Textilmustersammlung Emilie Fl\u00f6ge im \u00d6sterreichischen Museum f\u00fcr Volkskunde. 2. Auflage. Wien 2015 (= Objekte im Fokus 2).","label":"Weiterf\u00fchrende Informationen"},{"value":"Pallestrang, Kathrin: Die Textilmustersammlung Emilie Fl\u00f6ge im \u00d6sterreichischen Museum f\u00fcr Volkskunde. 2. Auflage. Wien 2015 (= Objekte im Fokus 2), S. 75, Kat.Nr. 4.16 und Abb. 4.16.","label":"Dokumentation"},{"value":"\u00d6MV/78703","label":"Inventarnummer"},{"value":"Ankauf","label":"Erwerbungsart"}]}