{"viewingHint":"paged","service":[],"structures":[{"ranges":["https://sammlung.volkskundemuseum.at/i3f/v20/318878/range/318943","https://sammlung.volkskundemuseum.at/i3f/v20/318878/range/318944"],"viewingHint":"top","@id":"https://sammlung.volkskundemuseum.at/i3f/v20/318878/range/318878","@type":"sc:Range","label":"Table of Contents"},{"canvases":["https://sammlung.volkskundemuseum.at/i3f/v20/318878/canvas/319042"],"@id":"https://sammlung.volkskundemuseum.at/i3f/v20/318878/range/318943","@type":"sc:Range","label":"dig/40818: Volkskundemuseum Wien"},{"canvases":["https://sammlung.volkskundemuseum.at/i3f/v20/318878/canvas/319043"],"@id":"https://sammlung.volkskundemuseum.at/i3f/v20/318878/range/318944","@type":"sc:Range","label":"dig/40819: Volkskundemuseum Wien"}],"sequences":[{"canvases":[{"height":5717,"width":7562,"images":[{"resource":{"service":{"profile":"http://iiif.io/api/image/2/level2.json","@context":"http://iiif.io/api/image/2/context.json","@id":"https://sammlung.volkskundemuseum.at/i3f/v20/319042"},"format":"image/jpeg","height":756,"width":1000,"@id":"https://sammlung.volkskundemuseum.at/download/webcache/1000/319042","@type":"dctypes:Image"},"on":"https://sammlung.volkskundemuseum.at/i3f/v20/318878/canvas/319042","motivation":"sc:painting","@id":"https://sammlung.volkskundemuseum.at/i3f/v20/318878/annotation/319042","@type":"oa:Annotation"}],"label":"[1]","@id":"https://sammlung.volkskundemuseum.at/i3f/v20/318878/canvas/319042","@type":"sc:Canvas"},{"height":5717,"width":7563,"images":[{"resource":{"service":{"profile":"http://iiif.io/api/image/2/level2.json","@context":"http://iiif.io/api/image/2/context.json","@id":"https://sammlung.volkskundemuseum.at/i3f/v20/319043"},"format":"image/jpeg","height":755,"width":1000,"@id":"https://sammlung.volkskundemuseum.at/download/webcache/1000/319043","@type":"dctypes:Image"},"on":"https://sammlung.volkskundemuseum.at/i3f/v20/318878/canvas/319043","motivation":"sc:painting","@id":"https://sammlung.volkskundemuseum.at/i3f/v20/318878/annotation/319043","@type":"oa:Annotation"}],"label":"[2]","@id":"https://sammlung.volkskundemuseum.at/i3f/v20/318878/canvas/319043","@type":"sc:Canvas"}],"viewingHint":"paged","startCanvas":"https://sammlung.volkskundemuseum.at/i3f/v20/318878/canvas/319042","viewingDirection":"left-to-right","label":"Current Page Order","@context":"http://iiif.io/api/presentation/2/context.json","@id":"https://sammlung.volkskundemuseum.at/i3f/v20/318878/sequence/normal","@type":"sc:Sequence"}],"label":"\u00d6MV/78694: Textilteil, bestickt, mit Kl\u00f6ppelspitze","thumbnail":{"width":304,"height":229,"@id":"https://sammlung.volkskundemuseum.at/i3f/v21/319042/full/304/0/default.jpg","@type":"dctypes:Image","format":"image/jpeg"},"logo":{"@id":"https://sammlung.volkskundemuseum.at/domainresource/static/graphics/connectors/viewerLogo.gif","service":{"profile":"http://iiif.io/api/image/2/level2.json","@context":"http://iiif.io/api/image/2/context.json","@id":""}},"@context":"http://iiif.io/api/presentation/2/context.json","seeAlso":{"format":"application/xml","@id":"https://sammlung.volkskundemuseum.at/oai?verb=GetRecord&metadataPrefix=mets&identifier=318878","label":"METS"},"@id":"https://sammlung.volkskundemuseum.at/i3f/v20/318878/manifest","@type":"sc:Manifest","metadata":[{"value":"Gewebter Baumwollstoff mit Seide und Silberfaden bestickt (Platt-, Schling- und Stielstich, Arabischer Stickstich), Stickerei teilweise ausgefallen; an beide L\u00e4ngsseiten Kl\u00f6ppelspitze (Bandspitze, Leinenschlag) aus Leinen gen\u00e4ht; von einem Kopfschal abgeschnitten. [Kathrin Pallestrang]","label":"Beschreibung"},{"value":"Fl\u00f6ge, Emilie","label":"Sammler:in"},{"value":"unbekannt","label":"Hersteller:in"},{"value":"Tren\u010d\u00edn (Herstellungsort)   ; um 1900 (Herstellungszeit)","label":"Entstehung"},{"value":"Tren\u010d\u00edn (Verwendungsort)   ; Wien (Verwendungsort)   ; um 1900","label":"Verwendung"},{"value":"Baumwolle ; Seide ; Leinen ; Gold- oder Silberlahn","label":"Material"},{"value":"Weben ; Sticken ; Kl\u00f6ppeln ; N\u00e4hen","label":"Technik"},{"value":"L: 30,2 cm B: 22,5 cm B Stickerei: 9 cm","label":"Abmessungen"},{"value":"Objekt","label":"Objekttyp"},{"value":"Teil, textil  ; Kopfschal","label":"Objektart"},{"value":"Pallestrang, Kathrin: Die Textilmustersammlung Emilie Fl\u00f6ge im \u00d6sterreichischen Museum f\u00fcr Volkskunde. 2. Auflage. Wien 2015 (= Objekte im Fokus 2).","label":"Weiterf\u00fchrende Informationen"},{"value":"Pallestrang, Kathrin: Die Textilmustersammlung Emilie Fl\u00f6ge im \u00d6sterreichischen Museum f\u00fcr Volkskunde. 2. Auflage. Wien 2015 (= Objekte im Fokus 2), S. 42, Kat.Nr. 2.26 und Abb. 2.26.","label":"Dokumentation"},{"value":"\u00d6MV/78694","label":"Inventarnummer"},{"value":"Ankauf","label":"Erwerbungsart"}]}