{"viewingHint":"paged","service":[],"structures":[{"ranges":["https://sammlung.volkskundemuseum.at/i3f/v20/318877/range/318941","https://sammlung.volkskundemuseum.at/i3f/v20/318877/range/318942"],"viewingHint":"top","@id":"https://sammlung.volkskundemuseum.at/i3f/v20/318877/range/318877","@type":"sc:Range","label":"Table of Contents"},{"canvases":["https://sammlung.volkskundemuseum.at/i3f/v20/318877/canvas/319497"],"@id":"https://sammlung.volkskundemuseum.at/i3f/v20/318877/range/318941","@type":"sc:Range","label":"dig/40816: Volkskundemuseum Wien"},{"canvases":["https://sammlung.volkskundemuseum.at/i3f/v20/318877/canvas/319498"],"@id":"https://sammlung.volkskundemuseum.at/i3f/v20/318877/range/318942","@type":"sc:Range","label":"dig/40817: Volkskundemuseum Wien"}],"sequences":[{"canvases":[{"height":3619,"width":8369,"images":[{"resource":{"service":{"profile":"http://iiif.io/api/image/2/level2.json","@context":"http://iiif.io/api/image/2/context.json","@id":"https://sammlung.volkskundemuseum.at/i3f/v20/319497"},"format":"image/jpeg","height":432,"width":1000,"@id":"https://sammlung.volkskundemuseum.at/download/webcache/1000/319497","@type":"dctypes:Image"},"on":"https://sammlung.volkskundemuseum.at/i3f/v20/318877/canvas/319497","motivation":"sc:painting","@id":"https://sammlung.volkskundemuseum.at/i3f/v20/318877/annotation/319497","@type":"oa:Annotation"}],"label":"[1]","@id":"https://sammlung.volkskundemuseum.at/i3f/v20/318877/canvas/319497","@type":"sc:Canvas"},{"height":3618,"width":8369,"images":[{"resource":{"service":{"profile":"http://iiif.io/api/image/2/level2.json","@context":"http://iiif.io/api/image/2/context.json","@id":"https://sammlung.volkskundemuseum.at/i3f/v20/319498"},"format":"image/jpeg","height":432,"width":1000,"@id":"https://sammlung.volkskundemuseum.at/download/webcache/1000/319498","@type":"dctypes:Image"},"on":"https://sammlung.volkskundemuseum.at/i3f/v20/318877/canvas/319498","motivation":"sc:painting","@id":"https://sammlung.volkskundemuseum.at/i3f/v20/318877/annotation/319498","@type":"oa:Annotation"}],"label":"[2]","@id":"https://sammlung.volkskundemuseum.at/i3f/v20/318877/canvas/319498","@type":"sc:Canvas"}],"viewingHint":"paged","startCanvas":"https://sammlung.volkskundemuseum.at/i3f/v20/318877/canvas/319497","viewingDirection":"left-to-right","label":"Current Page Order","@context":"http://iiif.io/api/presentation/2/context.json","@id":"https://sammlung.volkskundemuseum.at/i3f/v20/318877/sequence/normal","@type":"sc:Sequence"}],"label":"\u00d6MV/78689: Kleidungsfragment, bestickt","thumbnail":{"width":304,"height":131,"@id":"https://sammlung.volkskundemuseum.at/i3f/v21/319497/full/304/0/default.jpg","@type":"dctypes:Image","format":"image/jpeg"},"logo":{"@id":"https://sammlung.volkskundemuseum.at/domainresource/static/graphics/connectors/viewerLogo.gif","service":{"profile":"http://iiif.io/api/image/2/level2.json","@context":"http://iiif.io/api/image/2/context.json","@id":""}},"@context":"http://iiif.io/api/presentation/2/context.json","seeAlso":{"format":"application/xml","@id":"https://sammlung.volkskundemuseum.at/oai?verb=GetRecord&metadataPrefix=mets&identifier=318877","label":"METS"},"@id":"https://sammlung.volkskundemuseum.at/i3f/v20/318877/manifest","@type":"sc:Manifest","metadata":[{"value":"Gewebter Baumwollstoff mit Baumwollgarn bestickt (Ketten- und Plattstich); aus einem Kleidungsst\u00fcck ausgeschnitten. [Kathrin Pallestrang]","label":"Beschreibung"},{"value":"Fl\u00f6ge, Emilie","label":"Sammler:in"},{"value":"unbekannt","label":"Hersteller:in"},{"value":"Vini\u010dn\u00e9 (Herstellungsort)  ; um 1900 (Herstellungszeit)","label":"Entstehung"},{"value":"Vini\u010dn\u00e9 (Verwendungsort)  ; Wien (Verwendungsort)   ; um 1900","label":"Verwendung"},{"value":"Baumwolle","label":"Material"},{"value":"Weben ; Sticken","label":"Technik"},{"value":"L: 34,5 cm B: 15 cm","label":"Abmessungen"},{"value":"Objekt","label":"Objekttyp"},{"value":"Fragment, textil","label":"Objektart"},{"value":"Pallestrang, Kathrin: Die Textilmustersammlung Emilie Fl\u00f6ge im \u00d6sterreichischen Museum f\u00fcr Volkskunde. 2. Auflage. Wien 2015 (= Objekte im Fokus 2).","label":"Weiterf\u00fchrende Informationen"},{"value":"Pallestrang, Kathrin: Die Textilmustersammlung Emilie Fl\u00f6ge im \u00d6sterreichischen Museum f\u00fcr Volkskunde. 2. Auflage. Wien 2015 (= Objekte im Fokus 2), S. 41, Kat.Nr. 2.22 und Abb. 2.22.","label":"Dokumentation"},{"value":"\u00d6MV/78689","label":"Inventarnummer"},{"value":"Ankauf","label":"Erwerbungsart"}]}