{"viewingHint":"paged","service":[],"structures":[{"ranges":["https://sammlung.volkskundemuseum.at/i3f/v20/318876/range/318939","https://sammlung.volkskundemuseum.at/i3f/v20/318876/range/318940"],"viewingHint":"top","@id":"https://sammlung.volkskundemuseum.at/i3f/v20/318876/range/318876","@type":"sc:Range","label":"Table of Contents"},{"canvases":["https://sammlung.volkskundemuseum.at/i3f/v20/318876/canvas/319038"],"@id":"https://sammlung.volkskundemuseum.at/i3f/v20/318876/range/318939","@type":"sc:Range","label":"dig/40862: Volkskundemuseum Wien / Foto: Pixelstorm, Wien"},{"canvases":["https://sammlung.volkskundemuseum.at/i3f/v20/318876/canvas/319039"],"@id":"https://sammlung.volkskundemuseum.at/i3f/v20/318876/range/318940","@type":"sc:Range","label":"dig/40863: Volkskundemuseum Wien / Foto: Pixelstorm, Wien"}],"sequences":[{"canvases":[{"height":3287,"width":8230,"images":[{"resource":{"service":{"profile":"http://iiif.io/api/image/2/level2.json","@context":"http://iiif.io/api/image/2/context.json","@id":"https://sammlung.volkskundemuseum.at/i3f/v20/319038"},"format":"image/jpeg","height":399,"width":1000,"@id":"https://sammlung.volkskundemuseum.at/download/webcache/1000/319038","@type":"dctypes:Image"},"on":"https://sammlung.volkskundemuseum.at/i3f/v20/318876/canvas/319038","motivation":"sc:painting","@id":"https://sammlung.volkskundemuseum.at/i3f/v20/318876/annotation/319038","@type":"oa:Annotation"}],"label":"[1]","@id":"https://sammlung.volkskundemuseum.at/i3f/v20/318876/canvas/319038","@type":"sc:Canvas"},{"height":3629,"width":8868,"images":[{"resource":{"service":{"profile":"http://iiif.io/api/image/2/level2.json","@context":"http://iiif.io/api/image/2/context.json","@id":"https://sammlung.volkskundemuseum.at/i3f/v20/319039"},"format":"image/jpeg","height":409,"width":1000,"@id":"https://sammlung.volkskundemuseum.at/download/webcache/1000/319039","@type":"dctypes:Image"},"on":"https://sammlung.volkskundemuseum.at/i3f/v20/318876/canvas/319039","motivation":"sc:painting","@id":"https://sammlung.volkskundemuseum.at/i3f/v20/318876/annotation/319039","@type":"oa:Annotation"}],"label":"[2]","@id":"https://sammlung.volkskundemuseum.at/i3f/v20/318876/canvas/319039","@type":"sc:Canvas"}],"viewingHint":"paged","startCanvas":"https://sammlung.volkskundemuseum.at/i3f/v20/318876/canvas/319038","viewingDirection":"left-to-right","label":"Current Page Order","@context":"http://iiif.io/api/presentation/2/context.json","@id":"https://sammlung.volkskundemuseum.at/i3f/v20/318876/sequence/normal","@type":"sc:Sequence"}],"label":"\u00d6MV/78685: Etiketten des Salon Schwestern Fl\u00f6ge","thumbnail":{"width":304,"height":121,"@id":"https://sammlung.volkskundemuseum.at/i3f/v21/319038/full/304/0/default.jpg","@type":"dctypes:Image","format":"image/jpeg"},"logo":{"@id":"https://sammlung.volkskundemuseum.at/domainresource/static/graphics/connectors/viewerLogo.gif","service":{"profile":"http://iiif.io/api/image/2/level2.json","@context":"http://iiif.io/api/image/2/context.json","@id":""}},"@context":"http://iiif.io/api/presentation/2/context.json","seeAlso":{"format":"application/xml","@id":"https://sammlung.volkskundemuseum.at/oai?verb=GetRecord&metadataPrefix=mets&identifier=318876","label":"METS"},"@id":"https://sammlung.volkskundemuseum.at/i3f/v20/318876/manifest","@type":"sc:Manifest","metadata":[{"value":"Gewebtes (Schusslanc\u00e9) Stoffst\u00fcck aus Regeneratfaser mit 40 Etiketten des Salon Schwestern Fl\u00f6ge, entworfen von der Wiener Werkst\u00e4tte, zum Abschneiden und Einn\u00e4hen in die erzeugte Ware. [Kathrin Pallestrang]","label":"Beschreibung"},{"value":"Fl\u00f6ge, Emilie","label":"Sammler:in"},{"value":"unbekannt","label":"Hersteller:in"},{"value":"Wiener Werkst\u00e4tte","label":"Beteiligt"},{"value":"Wien (Herstellungsort)   ; 1904 (Herstellungszeit)","label":"Entstehung"},{"value":"Wien (Verwendungsort)   ; 1. H\u00e4lfte 20. Jh.","label":"Verwendung"},{"value":"Regeneratfaser","label":"Material"},{"value":"Weben","label":"Technik"},{"value":"L: 67 cm B: 24 cm","label":"Abmessungen"},{"value":"Objekt","label":"Objekttyp"},{"value":"Etikett, textil","label":"Objektart"},{"value":"Pallestrang, Kathrin: Die Textilmustersammlung Emilie Fl\u00f6ge im \u00d6sterreichischen Museum f\u00fcr Volkskunde. 2. Auflage. Wien 2015 (= Objekte im Fokus 2).","label":"Weiterf\u00fchrende Informationen"},{"value":"Pallestrang, Kathrin: Die Textilmustersammlung Emilie Fl\u00f6ge im \u00d6sterreichischen Museum f\u00fcr Volkskunde. 2. Auflage. Wien 2015 (= Objekte im Fokus 2), S. 83, Kat.Nr. 5.4 und S. 82, Abb. 5.4 sowie Abb. S. 84.","label":"Dokumentation"},{"value":"\u00d6MV/78685","label":"Inventarnummer"},{"value":"SCHWESTERN // FL\u00d6GE // WIEN // CASA PICCOLA","label":"Inschrift / Aufschrift"},{"value":"Ankauf","label":"Erwerbungsart"}]}