{"viewingHint":"paged","service":[],"structures":[{"ranges":["https://sammlung.volkskundemuseum.at/i3f/v20/318875/range/319493","https://sammlung.volkskundemuseum.at/i3f/v20/318875/range/319494"],"viewingHint":"top","@id":"https://sammlung.volkskundemuseum.at/i3f/v20/318875/range/318875","@type":"sc:Range","label":"Table of Contents"},{"canvases":["https://sammlung.volkskundemuseum.at/i3f/v20/318875/canvas/319495"],"@id":"https://sammlung.volkskundemuseum.at/i3f/v20/318875/range/319493","@type":"sc:Range","label":"dig/40860: Volkskundemuseum Wien / Foto: Pixelstorm, Wien"},{"canvases":["https://sammlung.volkskundemuseum.at/i3f/v20/318875/canvas/319496"],"@id":"https://sammlung.volkskundemuseum.at/i3f/v20/318875/range/319494","@type":"sc:Range","label":"dig/40861: Volkskundemuseum Wien / Foto: Pixelstorm, Wien"}],"sequences":[{"canvases":[{"height":2641,"width":8593,"images":[{"resource":{"service":{"profile":"http://iiif.io/api/image/2/level2.json","@context":"http://iiif.io/api/image/2/context.json","@id":"https://sammlung.volkskundemuseum.at/i3f/v20/319495"},"format":"image/jpeg","height":307,"width":1000,"@id":"https://sammlung.volkskundemuseum.at/download/webcache/1000/319495","@type":"dctypes:Image"},"on":"https://sammlung.volkskundemuseum.at/i3f/v20/318875/canvas/319495","motivation":"sc:painting","@id":"https://sammlung.volkskundemuseum.at/i3f/v20/318875/annotation/319495","@type":"oa:Annotation"}],"label":"[1]","@id":"https://sammlung.volkskundemuseum.at/i3f/v20/318875/canvas/319495","@type":"sc:Canvas"},{"height":2242,"width":7351,"images":[{"resource":{"service":{"profile":"http://iiif.io/api/image/2/level2.json","@context":"http://iiif.io/api/image/2/context.json","@id":"https://sammlung.volkskundemuseum.at/i3f/v20/319496"},"format":"image/jpeg","height":304,"width":1000,"@id":"https://sammlung.volkskundemuseum.at/download/webcache/1000/319496","@type":"dctypes:Image"},"on":"https://sammlung.volkskundemuseum.at/i3f/v20/318875/canvas/319496","motivation":"sc:painting","@id":"https://sammlung.volkskundemuseum.at/i3f/v20/318875/annotation/319496","@type":"oa:Annotation"}],"label":"[2]","@id":"https://sammlung.volkskundemuseum.at/i3f/v20/318875/canvas/319496","@type":"sc:Canvas"}],"viewingHint":"paged","startCanvas":"https://sammlung.volkskundemuseum.at/i3f/v20/318875/canvas/319495","viewingDirection":"left-to-right","label":"Current Page Order","@context":"http://iiif.io/api/presentation/2/context.json","@id":"https://sammlung.volkskundemuseum.at/i3f/v20/318875/sequence/normal","@type":"sc:Sequence"}],"label":"\u00d6MV/78681: Kragen, aus einem bestickten Kleidungsfragment gefertigt","thumbnail":{"width":304,"height":93,"@id":"https://sammlung.volkskundemuseum.at/i3f/v21/319495/full/304/0/default.jpg","@type":"dctypes:Image","format":"image/jpeg"},"logo":{"@id":"https://sammlung.volkskundemuseum.at/domainresource/static/graphics/connectors/viewerLogo.gif","service":{"profile":"http://iiif.io/api/image/2/level2.json","@context":"http://iiif.io/api/image/2/context.json","@id":""}},"@context":"http://iiif.io/api/presentation/2/context.json","seeAlso":{"format":"application/xml","@id":"https://sammlung.volkskundemuseum.at/oai?verb=GetRecord&metadataPrefix=mets&identifier=318875","label":"METS"},"@id":"https://sammlung.volkskundemuseum.at/i3f/v20/318875/manifest","@type":"sc:Manifest","metadata":[{"value":"Ein mit Wolle und Silberlahn bestickter (Platt- und Stielstich, Sprengtechnik) gewebter Baumwollstoffstreifen aus einem Kleidungsst\u00fcck aus Trnava ausgeschnitten und zu einem Kragen verarbeitet. An drei Kanten wurde in Falten geb\u00fcgelter Taft aus Kunstseide angen\u00e4ht. [Kathrin Pallestrang]","label":"Beschreibung"},{"value":"Fl\u00f6ge, Emilie","label":"Sammler:in"},{"value":"unbekannt","label":"Hersteller:in"},{"value":"[Salon Schwestern Fl\u00f6ge?]","label":"Hersteller:in"},{"value":"Trnava (Herstellungsort)   ; [Wien?] (Herstellungsort)   ; um 1900 (Herstellungszeit)","label":"Entstehung"},{"value":"Trnava (Verwendungsort)   ; Wien (Verwendungsort)   ; um 1900","label":"Verwendung"},{"value":"Baumwolle ; Kunstseide ; Wolle ; Gold- oder Silberlahn ; Karton","label":"Material"},{"value":"Weben ; Sticken ; N\u00e4hen","label":"Technik"},{"value":"L max.: 56,5 cm B max.: 12,2 cm","label":"Abmessungen"},{"value":"Objekt","label":"Objekttyp"},{"value":"Kragen  ; Teil, textil","label":"Objektart"},{"value":"Pallestrang, Kathrin: Die Textilmustersammlung Emilie Fl\u00f6ge im \u00d6sterreichischen Museum f\u00fcr Volkskunde. 2. Auflage. Wien 2015 (= Objekte im Fokus 2).","label":"Weiterf\u00fchrende Informationen"},{"value":"Pallestrang, Kathrin: Die Textilmustersammlung Emilie Fl\u00f6ge im \u00d6sterreichischen Museum f\u00fcr Volkskunde. 2. Auflage. Wien 2015 (= Objekte im Fokus 2), S. 73, Kat.Nr. 4.12.","label":"Dokumentation"},{"value":"\u00d6MV/78681","label":"Inventarnummer"},{"value":"Ankauf","label":"Erwerbungsart"}]}