{"viewingHint":"paged","service":[],"structures":[{"ranges":["https://sammlung.volkskundemuseum.at/i3f/v20/318871/range/318929","https://sammlung.volkskundemuseum.at/i3f/v20/318871/range/318930"],"viewingHint":"top","@id":"https://sammlung.volkskundemuseum.at/i3f/v20/318871/range/318871","@type":"sc:Range","label":"Table of Contents"},{"canvases":["https://sammlung.volkskundemuseum.at/i3f/v20/318871/canvas/319028"],"@id":"https://sammlung.volkskundemuseum.at/i3f/v20/318871/range/318929","@type":"sc:Range","label":"dig/44687: Volkskundemuseum Wien"},{"canvases":["https://sammlung.volkskundemuseum.at/i3f/v20/318871/canvas/319029"],"@id":"https://sammlung.volkskundemuseum.at/i3f/v20/318871/range/318930","@type":"sc:Range","label":"dig/44688: Volkskundemuseum Wien"}],"sequences":[{"canvases":[{"height":12411,"width":11453,"images":[{"resource":{"service":{"profile":"http://iiif.io/api/image/2/level2.json","@context":"http://iiif.io/api/image/2/context.json","@id":"https://sammlung.volkskundemuseum.at/i3f/v20/319028"},"format":"image/jpeg","height":1083,"width":1000,"@id":"https://sammlung.volkskundemuseum.at/download/webcache/1000/319028","@type":"dctypes:Image"},"on":"https://sammlung.volkskundemuseum.at/i3f/v20/318871/canvas/319028","motivation":"sc:painting","@id":"https://sammlung.volkskundemuseum.at/i3f/v20/318871/annotation/319028","@type":"oa:Annotation"}],"label":"[1]","@id":"https://sammlung.volkskundemuseum.at/i3f/v20/318871/canvas/319028","@type":"sc:Canvas"},{"height":12411,"width":11453,"images":[{"resource":{"service":{"profile":"http://iiif.io/api/image/2/level2.json","@context":"http://iiif.io/api/image/2/context.json","@id":"https://sammlung.volkskundemuseum.at/i3f/v20/319029"},"format":"image/jpeg","height":1083,"width":1000,"@id":"https://sammlung.volkskundemuseum.at/download/webcache/1000/319029","@type":"dctypes:Image"},"on":"https://sammlung.volkskundemuseum.at/i3f/v20/318871/canvas/319029","motivation":"sc:painting","@id":"https://sammlung.volkskundemuseum.at/i3f/v20/318871/annotation/319029","@type":"oa:Annotation"}],"label":"[2]","@id":"https://sammlung.volkskundemuseum.at/i3f/v20/318871/canvas/319029","@type":"sc:Canvas"}],"viewingHint":"paged","startCanvas":"https://sammlung.volkskundemuseum.at/i3f/v20/318871/canvas/319028","viewingDirection":"left-to-right","label":"Current Page Order","@context":"http://iiif.io/api/presentation/2/context.json","@id":"https://sammlung.volkskundemuseum.at/i3f/v20/318871/sequence/normal","@type":"sc:Sequence"}],"label":"\u00d6MV/78677/001: Spitzenfragment, mit Goldfaden bestickt","thumbnail":{"width":304,"height":329,"@id":"https://sammlung.volkskundemuseum.at/i3f/v21/319028/full/304/0/default.jpg","@type":"dctypes:Image","format":"image/jpeg"},"logo":{"@id":"https://sammlung.volkskundemuseum.at/domainresource/static/graphics/connectors/viewerLogo.gif","service":{"profile":"http://iiif.io/api/image/2/level2.json","@context":"http://iiif.io/api/image/2/context.json","@id":""}},"@context":"http://iiif.io/api/presentation/2/context.json","seeAlso":{"format":"application/xml","@id":"https://sammlung.volkskundemuseum.at/oai?verb=GetRecord&metadataPrefix=mets&identifier=318871","label":"METS"},"@id":"https://sammlung.volkskundemuseum.at/i3f/v20/318871/manifest","@type":"sc:Manifest","metadata":[{"value":"Baumwollt\u00fcll mit gewebtem Baumwollstoff musterm\u00e4\u00dfig unterlegt und bestickt (Lochstickerei, Platt- und Stielstich), in der Mitte Goldstickerei in Sprengtechnik und Spitzenstichf\u00fcllungen. Das Objekt wurde aus einer gr\u00f6\u00dferen Spitze ausgeschnitten, zus\u00e4tzlich wurden vier der gestickten Motivgruppen aus dem Objekt herausgeschnitten. [Kathrin Pallestrang]","label":"Beschreibung"},{"value":"Fl\u00f6ge, Emilie","label":"Sammler:in"},{"value":"unbekannt","label":"Hersteller:in"},{"value":"[Trnava?] (Herstellungsort)   ; um 1900 (Herstellungszeit)","label":"Entstehung"},{"value":"[Trnava?] (Verwendungsort)   ; Wien (Verwendungsort)   ; um 1900","label":"Verwendung"},{"value":"Baumwolle ; Gold- oder Silberlahn","label":"Material"},{"value":"T\u00fcll ; Sticken ; Weben","label":"Technik"},{"value":"L: 22 cm B: 24 cm","label":"Abmessungen"},{"value":"Objekt","label":"Objekttyp"},{"value":"Fragment, textil ; Spitze","label":"Objektart"},{"value":"Pallestrang, Kathrin: Die Textilmustersammlung Emilie Fl\u00f6ge im \u00d6sterreichischen Museum f\u00fcr Volkskunde. 2. Auflage. Wien 2015 (= Objekte im Fokus 2).","label":"Weiterf\u00fchrende Informationen"},{"value":"Pallestrang, Kathrin: Die Textilmustersammlung Emilie Fl\u00f6ge im \u00d6sterreichischen Museum f\u00fcr Volkskunde. 2. Auflage. Wien 2015 (= Objekte im Fokus 2), S. 66, Kat.Nr. 3.20 und Abb. S. 7.","label":"Dokumentation"},{"value":"\u00d6MV/78677/001","label":"Inventarnummer"},{"value":"Ankauf","label":"Erwerbungsart"}]}