{"viewingHint":"paged","service":[],"structures":[{"ranges":["https://sammlung.volkskundemuseum.at/i3f/v20/318867/range/318922","https://sammlung.volkskundemuseum.at/i3f/v20/318867/range/318923"],"viewingHint":"top","@id":"https://sammlung.volkskundemuseum.at/i3f/v20/318867/range/318867","@type":"sc:Range","label":"Table of Contents"},{"canvases":["https://sammlung.volkskundemuseum.at/i3f/v20/318867/canvas/319021"],"@id":"https://sammlung.volkskundemuseum.at/i3f/v20/318867/range/318922","@type":"sc:Range","label":"dig/40801: Volkskundemuseum Wien"},{"canvases":["https://sammlung.volkskundemuseum.at/i3f/v20/318867/canvas/319022"],"@id":"https://sammlung.volkskundemuseum.at/i3f/v20/318867/range/318923","@type":"sc:Range","label":"dig/40802: Volkskundemuseum Wien"}],"sequences":[{"canvases":[{"height":2606,"width":4887,"images":[{"resource":{"service":{"profile":"http://iiif.io/api/image/2/level2.json","@context":"http://iiif.io/api/image/2/context.json","@id":"https://sammlung.volkskundemuseum.at/i3f/v20/319021"},"format":"image/jpeg","height":533,"width":1000,"@id":"https://sammlung.volkskundemuseum.at/download/webcache/1000/319021","@type":"dctypes:Image"},"on":"https://sammlung.volkskundemuseum.at/i3f/v20/318867/canvas/319021","motivation":"sc:painting","@id":"https://sammlung.volkskundemuseum.at/i3f/v20/318867/annotation/319021","@type":"oa:Annotation"}],"label":"[1]","@id":"https://sammlung.volkskundemuseum.at/i3f/v20/318867/canvas/319021","@type":"sc:Canvas"},{"height":2606,"width":4887,"images":[{"resource":{"service":{"profile":"http://iiif.io/api/image/2/level2.json","@context":"http://iiif.io/api/image/2/context.json","@id":"https://sammlung.volkskundemuseum.at/i3f/v20/319022"},"format":"image/jpeg","height":533,"width":1000,"@id":"https://sammlung.volkskundemuseum.at/download/webcache/1000/319022","@type":"dctypes:Image"},"on":"https://sammlung.volkskundemuseum.at/i3f/v20/318867/canvas/319022","motivation":"sc:painting","@id":"https://sammlung.volkskundemuseum.at/i3f/v20/318867/annotation/319022","@type":"oa:Annotation"}],"label":"[2]","@id":"https://sammlung.volkskundemuseum.at/i3f/v20/318867/canvas/319022","@type":"sc:Canvas"}],"viewingHint":"paged","startCanvas":"https://sammlung.volkskundemuseum.at/i3f/v20/318867/canvas/319021","viewingDirection":"left-to-right","label":"Current Page Order","@context":"http://iiif.io/api/presentation/2/context.json","@id":"https://sammlung.volkskundemuseum.at/i3f/v20/318867/sequence/normal","@type":"sc:Sequence"}],"label":"\u00d6MV/78658: Taschenklappe, aus einem bestickten Kleidungsfragment gefertigt","thumbnail":{"width":304,"height":162,"@id":"https://sammlung.volkskundemuseum.at/i3f/v21/319021/full/304/0/default.jpg","@type":"dctypes:Image","format":"image/jpeg"},"logo":{"@id":"https://sammlung.volkskundemuseum.at/domainresource/static/graphics/connectors/viewerLogo.gif","service":{"profile":"http://iiif.io/api/image/2/level2.json","@context":"http://iiif.io/api/image/2/context.json","@id":""}},"@context":"http://iiif.io/api/presentation/2/context.json","seeAlso":{"format":"application/xml","@id":"https://sammlung.volkskundemuseum.at/oai?verb=GetRecord&metadataPrefix=mets&identifier=318867","label":"METS"},"@id":"https://sammlung.volkskundemuseum.at/i3f/v20/318867/manifest","@type":"sc:Manifest","metadata":[{"value":"Gefertigt aus einem mit Seidengarn bestickten (Stiel-, Linien-, Languetten-, Platt- und Kreuzstich) gewebten Baumwollstoffst\u00fcck, das aus einem Kleidungsst\u00fcck aus \u0160opor\u0148a stammt: Zwei gegen\u00fcberliegende Kanten wurden \u00fcber die Stickerei hinweg umgeschlagen und festgen\u00e4ht. Die beiden Schmalseiten sind mit einer seidenbestickten Borte besetzt. [Kathrin Pallestrang]","label":"Beschreibung"},{"value":"Fl\u00f6ge, Emilie","label":"Sammler:in"},{"value":"unbekannt","label":"Hersteller:in"},{"value":"[Salon Schwestern Fl\u00f6ge?]","label":"Hersteller:in"},{"value":"\u0160opor\u0148a (Herstellungsort)   ; Wien (Herstellungsort)   ; um 1900 (Herstellungszeit)","label":"Entstehung"},{"value":"\u0160opor\u0148a (Verwendungsort)   ; Wien (Verwendungsort)   ; um 1900","label":"Verwendung"},{"value":"Baumwolle ; Seide","label":"Material"},{"value":"Weben ; Sticken ; N\u00e4hen","label":"Technik"},{"value":"L: 16,7 cm B: 8 cm","label":"Abmessungen"},{"value":"Objekt","label":"Objekttyp"},{"value":"Taschenpatte  ; Teil, textil","label":"Objektart"},{"value":"Pallestrang, Kathrin: Die Textilmustersammlung Emilie Fl\u00f6ge im \u00d6sterreichischen Museum f\u00fcr Volkskunde. 2. Auflage. Wien 2015 (= Objekte im Fokus 2).","label":"Weiterf\u00fchrende Informationen"},{"value":"Pallestrang, Kathrin: Die Textilmustersammlung Emilie Fl\u00f6ge im \u00d6sterreichischen Museum f\u00fcr Volkskunde. 2. Auflage. Wien 2015 (= Objekte im Fokus 2), S. 71, Kat.Nr. 4.5 und Abb. 4.5.","label":"Dokumentation"},{"value":"\u00d6MV/78658","label":"Inventarnummer"},{"value":"Ankauf","label":"Erwerbungsart"}]}