{"viewingHint":"paged","service":[],"structures":[{"ranges":["https://sammlung.volkskundemuseum.at/i3f/v20/318866/range/318920","https://sammlung.volkskundemuseum.at/i3f/v20/318866/range/318921"],"viewingHint":"top","@id":"https://sammlung.volkskundemuseum.at/i3f/v20/318866/range/318866","@type":"sc:Range","label":"Table of Contents"},{"canvases":["https://sammlung.volkskundemuseum.at/i3f/v20/318866/canvas/319019"],"@id":"https://sammlung.volkskundemuseum.at/i3f/v20/318866/range/318920","@type":"sc:Range","label":"dig/40799: Volkskundemuseum Wien"},{"canvases":["https://sammlung.volkskundemuseum.at/i3f/v20/318866/canvas/319020"],"@id":"https://sammlung.volkskundemuseum.at/i3f/v20/318866/range/318921","@type":"sc:Range","label":"dig/40800: Volkskundemuseum Wien"}],"sequences":[{"canvases":[{"height":3581,"width":4029,"images":[{"resource":{"service":{"profile":"http://iiif.io/api/image/2/level2.json","@context":"http://iiif.io/api/image/2/context.json","@id":"https://sammlung.volkskundemuseum.at/i3f/v20/319019"},"format":"image/jpeg","height":888,"width":1000,"@id":"https://sammlung.volkskundemuseum.at/download/webcache/1000/319019","@type":"dctypes:Image"},"on":"https://sammlung.volkskundemuseum.at/i3f/v20/318866/canvas/319019","motivation":"sc:painting","@id":"https://sammlung.volkskundemuseum.at/i3f/v20/318866/annotation/319019","@type":"oa:Annotation"}],"label":"[1]","@id":"https://sammlung.volkskundemuseum.at/i3f/v20/318866/canvas/319019","@type":"sc:Canvas"},{"height":3595,"width":4029,"images":[{"resource":{"service":{"profile":"http://iiif.io/api/image/2/level2.json","@context":"http://iiif.io/api/image/2/context.json","@id":"https://sammlung.volkskundemuseum.at/i3f/v20/319020"},"format":"image/jpeg","height":892,"width":1000,"@id":"https://sammlung.volkskundemuseum.at/download/webcache/1000/319020","@type":"dctypes:Image"},"on":"https://sammlung.volkskundemuseum.at/i3f/v20/318866/canvas/319020","motivation":"sc:painting","@id":"https://sammlung.volkskundemuseum.at/i3f/v20/318866/annotation/319020","@type":"oa:Annotation"}],"label":"[2]","@id":"https://sammlung.volkskundemuseum.at/i3f/v20/318866/canvas/319020","@type":"sc:Canvas"}],"viewingHint":"paged","startCanvas":"https://sammlung.volkskundemuseum.at/i3f/v20/318866/canvas/319019","viewingDirection":"left-to-right","label":"Current Page Order","@context":"http://iiif.io/api/presentation/2/context.json","@id":"https://sammlung.volkskundemuseum.at/i3f/v20/318866/sequence/normal","@type":"sc:Sequence"}],"label":"\u00d6MV/78631: Deckchen, aus dem Bodenteil einer Haube gefertigt","thumbnail":{"width":304,"height":270,"@id":"https://sammlung.volkskundemuseum.at/i3f/v21/319019/full/304/0/default.jpg","@type":"dctypes:Image","format":"image/jpeg"},"logo":{"@id":"https://sammlung.volkskundemuseum.at/domainresource/static/graphics/connectors/viewerLogo.gif","service":{"profile":"http://iiif.io/api/image/2/level2.json","@context":"http://iiif.io/api/image/2/context.json","@id":""}},"@context":"http://iiif.io/api/presentation/2/context.json","seeAlso":{"format":"application/xml","@id":"https://sammlung.volkskundemuseum.at/oai?verb=GetRecord&metadataPrefix=mets&identifier=318866","label":"METS"},"@id":"https://sammlung.volkskundemuseum.at/i3f/v20/318866/manifest","@type":"sc:Manifest","metadata":[{"value":"Gewebter Baumwollstoff mit Seide bestickt (Platt- und Stielstich), Stickerei stellenweise ausgefallen, vermutlich der Bodenteil einer Haube aus \u0160opor\u0148a; eingefasst mit einer gewebten Goldborte. [Kathrin Pallestrang]","label":"Beschreibung"},{"value":"Fl\u00f6ge, Emilie","label":"Sammler:in"},{"value":"unbekannt","label":"Hersteller:in"},{"value":"[Salon Schwestern Fl\u00f6ge?]","label":"Hersteller:in"},{"value":"\u0160opor\u0148a (Herstellungsort)   ; [Wien?] (Herstellungsort)   ; um 1900 (Herstellungszeit)","label":"Entstehung"},{"value":"Wien (Verwendungsort)   ; um 1900","label":"Verwendung"},{"value":"Baumwolle ; Seide ; Gold- oder Silberlahn","label":"Material"},{"value":"Weben ; Sticken ; N\u00e4hen","label":"Technik"},{"value":"L: 16,3 cm B: 14,6 cm","label":"Abmessungen"},{"value":"Objekt","label":"Objekttyp"},{"value":"Zierdeckchen  ; Teil, textil  ; Weiche Bodenhaube","label":"Objektart"},{"value":"Pallestrang, Kathrin: Die Textilmustersammlung Emilie Fl\u00f6ge im \u00d6sterreichischen Museum f\u00fcr Volkskunde. 2. Auflage. Wien 2015 (= Objekte im Fokus 2).","label":"Weiterf\u00fchrende Informationen"},{"value":"Pallestrang, Kathrin: Die Textilmustersammlung Emilie Fl\u00f6ge im \u00d6sterreichischen Museum f\u00fcr Volkskunde. 2. Auflage. Wien 2015 (= Objekte im Fokus 2), S. 70, Kat.Nr. 4.2 und Abb. 4.2.","label":"Dokumentation"},{"value":"\u00d6MV/78631","label":"Inventarnummer"},{"value":"Ankauf","label":"Erwerbungsart"}]}