{"viewingHint":"paged","service":[],"structures":[{"ranges":["https://sammlung.volkskundemuseum.at/i3f/v20/318864/range/318916","https://sammlung.volkskundemuseum.at/i3f/v20/318864/range/318917"],"viewingHint":"top","@id":"https://sammlung.volkskundemuseum.at/i3f/v20/318864/range/318864","@type":"sc:Range","label":"Table of Contents"},{"canvases":["https://sammlung.volkskundemuseum.at/i3f/v20/318864/canvas/319015"],"@id":"https://sammlung.volkskundemuseum.at/i3f/v20/318864/range/318916","@type":"sc:Range","label":"dig/40856: Volkskundemuseum Wien / Foto: Pixelstorm, Wien"},{"canvases":["https://sammlung.volkskundemuseum.at/i3f/v20/318864/canvas/319016"],"@id":"https://sammlung.volkskundemuseum.at/i3f/v20/318864/range/318917","@type":"sc:Range","label":"dig/40857: Volkskundemuseum Wien / Foto: Pixelstorm, Wien"}],"sequences":[{"canvases":[{"height":2207,"width":1815,"images":[{"resource":{"service":{"profile":"http://iiif.io/api/image/2/level2.json","@context":"http://iiif.io/api/image/2/context.json","@id":"https://sammlung.volkskundemuseum.at/i3f/v20/319015"},"format":"image/jpeg","height":1215,"width":1000,"@id":"https://sammlung.volkskundemuseum.at/download/webcache/1000/319015","@type":"dctypes:Image"},"on":"https://sammlung.volkskundemuseum.at/i3f/v20/318864/canvas/319015","motivation":"sc:painting","@id":"https://sammlung.volkskundemuseum.at/i3f/v20/318864/annotation/319015","@type":"oa:Annotation"}],"label":"[1]","@id":"https://sammlung.volkskundemuseum.at/i3f/v20/318864/canvas/319015","@type":"sc:Canvas"},{"height":2351,"width":2185,"images":[{"resource":{"service":{"profile":"http://iiif.io/api/image/2/level2.json","@context":"http://iiif.io/api/image/2/context.json","@id":"https://sammlung.volkskundemuseum.at/i3f/v20/319016"},"format":"image/jpeg","height":1075,"width":1000,"@id":"https://sammlung.volkskundemuseum.at/download/webcache/1000/319016","@type":"dctypes:Image"},"on":"https://sammlung.volkskundemuseum.at/i3f/v20/318864/canvas/319016","motivation":"sc:painting","@id":"https://sammlung.volkskundemuseum.at/i3f/v20/318864/annotation/319016","@type":"oa:Annotation"}],"label":"[2]","@id":"https://sammlung.volkskundemuseum.at/i3f/v20/318864/canvas/319016","@type":"sc:Canvas"}],"viewingHint":"paged","startCanvas":"https://sammlung.volkskundemuseum.at/i3f/v20/318864/canvas/319015","viewingDirection":"left-to-right","label":"Current Page Order","@context":"http://iiif.io/api/presentation/2/context.json","@id":"https://sammlung.volkskundemuseum.at/i3f/v20/318864/sequence/normal","@type":"sc:Sequence"}],"label":"\u00d6MV/78624: Weiche Bodenhaube, bestickt","thumbnail":{"width":304,"height":369,"@id":"https://sammlung.volkskundemuseum.at/i3f/v21/319015/full/304/0/default.jpg","@type":"dctypes:Image","format":"image/jpeg"},"logo":{"@id":"https://sammlung.volkskundemuseum.at/domainresource/static/graphics/connectors/viewerLogo.gif","service":{"profile":"http://iiif.io/api/image/2/level2.json","@context":"http://iiif.io/api/image/2/context.json","@id":""}},"@context":"http://iiif.io/api/presentation/2/context.json","seeAlso":{"format":"application/xml","@id":"https://sammlung.volkskundemuseum.at/oai?verb=GetRecord&metadataPrefix=mets&identifier=318864","label":"METS"},"@id":"https://sammlung.volkskundemuseum.at/i3f/v20/318864/manifest","@type":"sc:Manifest","metadata":[{"value":"Zwei gewebte Baumwollstoffteile (Kopf- und Bodenteil) mit Ziernaht verbunden, mit Wollgarn bestickt (Stiel- und Plattstich) und mit Baumwollstoff gef\u00fcttert. Kopfteil mit schmaler Kl\u00f6ppelspitze (Netzschlag) besetzt. An den unteren Haubenrand Schlingen aus Baumwollgarn zum Durchf\u00e4deln eines Bandes (nicht mehr vorhanden) gen\u00e4ht. [Kathrin Pallestrang]","label":"Beschreibung"},{"value":"Fl\u00f6ge, Emilie","label":"Sammler:in"},{"value":"unbekannt","label":"Hersteller:in"},{"value":"Rybany (Herstellungsort)  ; um 1900 (Herstellungszeit)","label":"Entstehung"},{"value":"Rybany (Verwendungsort)  ; Wien (Verwendungsort)   ; um 1900","label":"Verwendung"},{"value":"Baumwolle ; Wolle (Schafwolle)","label":"Material"},{"value":"Weben ; Kl\u00f6ppeln ; Sticken ; N\u00e4hen","label":"Technik"},{"value":"H: 17 cm L Kopfteil: 49 cm L Unterkante: 38 cm","label":"Abmessungen"},{"value":"Objekt","label":"Objekttyp"},{"value":"Weiche Bodenhaube","label":"Objektart"},{"value":"Pallestrang, Kathrin: Die Textilmustersammlung Emilie Fl\u00f6ge im \u00d6sterreichischen Museum f\u00fcr Volkskunde. 2. Auflage. Wien 2015 (= Objekte im Fokus 2).","label":"Weiterf\u00fchrende Informationen"},{"value":"Pallestrang, Kathrin: Die Textilmustersammlung Emilie Fl\u00f6ge im \u00d6sterreichischen Museum f\u00fcr Volkskunde. 2. Auflage. Wien 2015 (= Objekte im Fokus 2), S. 31, Kat.Nr. 1.11.","label":"Dokumentation"},{"value":"\u00d6MV/78624","label":"Inventarnummer"},{"value":"Ankauf","label":"Erwerbungsart"}]}