{"viewingHint":"paged","service":[],"structures":[{"ranges":["https://sammlung.volkskundemuseum.at/i3f/v20/317698/range/317952","https://sammlung.volkskundemuseum.at/i3f/v20/317698/range/317953"],"viewingHint":"top","@id":"https://sammlung.volkskundemuseum.at/i3f/v20/317698/range/317698","@type":"sc:Range","label":"Table of Contents"},{"canvases":["https://sammlung.volkskundemuseum.at/i3f/v20/317698/canvas/318129"],"@id":"https://sammlung.volkskundemuseum.at/i3f/v20/317698/range/317952","@type":"sc:Range","label":"dig/44609: Volkskundemuseum Wien / Foto: Pixelstorm, Wien"},{"canvases":["https://sammlung.volkskundemuseum.at/i3f/v20/317698/canvas/318130"],"@id":"https://sammlung.volkskundemuseum.at/i3f/v20/317698/range/317953","@type":"sc:Range","label":"dig/44610: Volkskundemuseum Wien / Foto: Pixelstorm, Wien"}],"sequences":[{"canvases":[{"height":5437,"width":7144,"images":[{"resource":{"service":{"profile":"http://iiif.io/api/image/2/level2.json","@context":"http://iiif.io/api/image/2/context.json","@id":"https://sammlung.volkskundemuseum.at/i3f/v20/318129"},"format":"image/jpeg","height":761,"width":1000,"@id":"https://sammlung.volkskundemuseum.at/download/webcache/1000/318129","@type":"dctypes:Image"},"on":"https://sammlung.volkskundemuseum.at/i3f/v20/317698/canvas/318129","motivation":"sc:painting","@id":"https://sammlung.volkskundemuseum.at/i3f/v20/317698/annotation/318129","@type":"oa:Annotation"}],"label":"[1]","@id":"https://sammlung.volkskundemuseum.at/i3f/v20/317698/canvas/318129","@type":"sc:Canvas"},{"height":5438,"width":6904,"images":[{"resource":{"service":{"profile":"http://iiif.io/api/image/2/level2.json","@context":"http://iiif.io/api/image/2/context.json","@id":"https://sammlung.volkskundemuseum.at/i3f/v20/318130"},"format":"image/jpeg","height":787,"width":1000,"@id":"https://sammlung.volkskundemuseum.at/download/webcache/1000/318130","@type":"dctypes:Image"},"on":"https://sammlung.volkskundemuseum.at/i3f/v20/317698/canvas/318130","motivation":"sc:painting","@id":"https://sammlung.volkskundemuseum.at/i3f/v20/317698/annotation/318130","@type":"oa:Annotation"}],"label":"[2]","@id":"https://sammlung.volkskundemuseum.at/i3f/v20/317698/canvas/318130","@type":"sc:Canvas"}],"viewingHint":"paged","startCanvas":"https://sammlung.volkskundemuseum.at/i3f/v20/317698/canvas/318129","viewingDirection":"left-to-right","label":"Current Page Order","@context":"http://iiif.io/api/presentation/2/context.json","@id":"https://sammlung.volkskundemuseum.at/i3f/v20/317698/sequence/normal","@type":"sc:Sequence"}],"label":"\u00d6MV/70812: Haarklebebild: Winterlandschaft mit Kirche in der Silvesternacht","thumbnail":{"width":304,"height":231,"@id":"https://sammlung.volkskundemuseum.at/i3f/v21/318129/full/304/0/default.jpg","@type":"dctypes:Image","format":"image/jpeg"},"logo":{"@id":"https://sammlung.volkskundemuseum.at/domainresource/static/graphics/connectors/viewerLogo.gif","service":{"profile":"http://iiif.io/api/image/2/level2.json","@context":"http://iiif.io/api/image/2/context.json","@id":""}},"@context":"http://iiif.io/api/presentation/2/context.json","seeAlso":{"format":"application/xml","@id":"https://sammlung.volkskundemuseum.at/oai?verb=GetRecord&metadataPrefix=mets&identifier=317698","label":"METS"},"@id":"https://sammlung.volkskundemuseum.at/i3f/v20/317698/manifest","@type":"sc:Manifest","metadata":[{"value":"Haarklebebild in einem schwarzen Holzrahmen mit Goldinnenleiste. Die Komposition aus braunen und wei\u00dfen Haaren auf einer Glasplatte ist mit hellgr\u00fcnem Zeichenpapier unterlegt. Ein kleines Dorf mit Kirche liegt eingebettet zwischen einer winterlichen Berglandschaft und einem Hochwald in einer Tallandschaft. Eine Person mit Stock geht auf dem Weg, der vom Wald ins Tal f\u00fchrt. Unter der Darstellung bezeichnet \"Silvester\". Die Signatur in der rechten unteren Bildecke ist nicht vollst\u00e4ndig zu lesen: \"Zlo[..] K\". Sie k\u00f6nnte ident mit der kaum lesbaren Signatur des Haarklebebildes \u00d6MV/70811 sein. Das Bild stammt aus der Umgebung von Olm\u00fctz und wurde vermutlich um 1900 angefertigt.","label":"Beschreibung"},{"value":"unbekannt","label":"Hersteller:in"},{"value":"unbekannt (Herstellungsort)  ; um 1900 (Herstellungszeit)","label":"Entstehung"},{"value":"[Olomouc?] (Verwendungsort)   ; Wien (Verwendungsort)   ; vor 1983 (Zeitraum vor Erwerbung durch Museum)","label":"Verwendung"},{"value":"Haar (Menschliches Material) ; Glas ; Papier ; Holz","label":"Material"},{"value":"geklebt (Haar)","label":"Technik"},{"value":"Querformat","label":"Format"},{"value":"H: 25,6 cm B: 32,4 cm T: 1,7 cm","label":"Abmessungen"},{"value":"Objekt","label":"Objekttyp"},{"value":"Haarbild","label":"Objektart"},{"value":"Hempel, Gudrun: Schmuck aus Haaren. Wien 1981 (= Kataloge des \u00d6sterreichischen Museums f\u00fcr Volkskunde 56).\r\rHempel, Gudrun: Schmuck aus Haaren. 2., erw. Auflage. Wien 1982 (= Kataloge des \u00d6sterreichischen Museums f\u00fcr Volkskunde 57).","label":"Weiterf\u00fchrende Informationen"},{"value":"\u00d6MV/70812","label":"Inventarnummer"},{"value":"Silvester   / Jahreswechsel","label":"Assoziation"},{"value":"[\u00d6MV/70811] - Haarklebebild mit Waldst\u00fcck","label":"\u00c4hnliche Objekte"},{"value":"ZLO[..] K /// SILVESTER","label":"Inschrift / Aufschrift"},{"value":"Ankauf","label":"Erwerbungsart"}]}