{"viewingHint":"paged","service":[],"structures":[{"ranges":["https://sammlung.volkskundemuseum.at/i3f/v20/317690/range/317917","https://sammlung.volkskundemuseum.at/i3f/v20/317690/range/317918"],"viewingHint":"top","@id":"https://sammlung.volkskundemuseum.at/i3f/v20/317690/range/317690","@type":"sc:Range","label":"Table of Contents"},{"canvases":["https://sammlung.volkskundemuseum.at/i3f/v20/317690/canvas/318113"],"@id":"https://sammlung.volkskundemuseum.at/i3f/v20/317690/range/317917","@type":"sc:Range","label":"dig/44593: Volkskundemuseum Wien / Foto: Pixelstorm, Wien"},{"canvases":["https://sammlung.volkskundemuseum.at/i3f/v20/317690/canvas/318114"],"@id":"https://sammlung.volkskundemuseum.at/i3f/v20/317690/range/317918","@type":"sc:Range","label":"dig/44594: Volkskundemuseum Wien / Foto: Pixelstorm, Wien"}],"sequences":[{"canvases":[{"height":3940,"width":4685,"images":[{"resource":{"service":{"profile":"http://iiif.io/api/image/2/level2.json","@context":"http://iiif.io/api/image/2/context.json","@id":"https://sammlung.volkskundemuseum.at/i3f/v20/318113"},"format":"image/jpeg","height":840,"width":1000,"@id":"https://sammlung.volkskundemuseum.at/download/webcache/1000/318113","@type":"dctypes:Image"},"on":"https://sammlung.volkskundemuseum.at/i3f/v20/317690/canvas/318113","motivation":"sc:painting","@id":"https://sammlung.volkskundemuseum.at/i3f/v20/317690/annotation/318113","@type":"oa:Annotation"}],"label":"[1]","@id":"https://sammlung.volkskundemuseum.at/i3f/v20/317690/canvas/318113","@type":"sc:Canvas"},{"height":3611,"width":4336,"images":[{"resource":{"service":{"profile":"http://iiif.io/api/image/2/level2.json","@context":"http://iiif.io/api/image/2/context.json","@id":"https://sammlung.volkskundemuseum.at/i3f/v20/318114"},"format":"image/jpeg","height":832,"width":1000,"@id":"https://sammlung.volkskundemuseum.at/download/webcache/1000/318114","@type":"dctypes:Image"},"on":"https://sammlung.volkskundemuseum.at/i3f/v20/317690/canvas/318114","motivation":"sc:painting","@id":"https://sammlung.volkskundemuseum.at/i3f/v20/317690/annotation/318114","@type":"oa:Annotation"}],"label":"[2]","@id":"https://sammlung.volkskundemuseum.at/i3f/v20/317690/canvas/318114","@type":"sc:Canvas"}],"viewingHint":"paged","startCanvas":"https://sammlung.volkskundemuseum.at/i3f/v20/317690/canvas/318113","viewingDirection":"left-to-right","label":"Current Page Order","@context":"http://iiif.io/api/presentation/2/context.json","@id":"https://sammlung.volkskundemuseum.at/i3f/v20/317690/sequence/normal","@type":"sc:Sequence"}],"label":"\u00d6MV/68810: Haarklebebild mit Bl\u00fctenkranz","thumbnail":{"width":304,"height":255,"@id":"https://sammlung.volkskundemuseum.at/i3f/v21/318113/full/304/0/default.jpg","@type":"dctypes:Image","format":"image/jpeg"},"logo":{"@id":"https://sammlung.volkskundemuseum.at/domainresource/static/graphics/connectors/viewerLogo.gif","service":{"profile":"http://iiif.io/api/image/2/level2.json","@context":"http://iiif.io/api/image/2/context.json","@id":""}},"@context":"http://iiif.io/api/presentation/2/context.json","seeAlso":{"format":"application/xml","@id":"https://sammlung.volkskundemuseum.at/oai?verb=GetRecord&metadataPrefix=mets&identifier=317690","label":"METS"},"@id":"https://sammlung.volkskundemuseum.at/i3f/v20/317690/manifest","@type":"sc:Manifest","metadata":[{"value":"Haarklebebild mit zartem Bl\u00fctenkranz aus dunkelblonden Haaren. Inschrift und Datierung \"Dorothy. 1852.\" in der Mitte sind aus feinsten Haarschnipseln gefertigt. Die Bl\u00e4tter sind aus geleimten Haaren auf eine Glasplatte geklebt, die Bl\u00fcten dreidimensional auf das Glas gesetzt und mittig mit kleinsten Wachsperlen verziert. Das verglaste und mit Papier geklebte K\u00e4stchen ist auf der R\u00fcckseite mit Tintenstift signiert: \"Friederike Beyer, Haark\u00fcnstlerin, Mariahilf, Hauptstra\u00dfe Nr. 37.\" Im Zusammenhang mit der dritten allgemeinen \u00f6sterreichischen Gewerbs-Produkten-Ausstellung im Jahre 1845 werden die sch\u00f6n gearbeiteten Haargeflechte und Haararbeiten von Friederike Beyer in der Wiener Theaterzeitung sowie dem Journal des \u00f6sterreichischen Lloyd lobenswert erw\u00e4hnt.","label":"Beschreibung"},{"value":"Beyer, Friederike","label":"K\u00fcnstler:in / K\u00fcnstlergruppe / Grafiker:in"},{"value":"Wien (Herstellungsort)   ; 1852 (Herstellungszeit, datiert)","label":"Entstehung"},{"value":"Haar (Menschliches Material) ; Wachsperle ; Glas ; Papier","label":"Material"},{"value":"geklebt (Haar) ; geklebt (Papier)","label":"Technik"},{"value":"Querformat","label":"Format"},{"value":"H: 14 cm B: 16,5 cm T: 2 cm","label":"Abmessungen"},{"value":"Objekt","label":"Objekttyp"},{"value":"Haarbild","label":"Objektart"},{"value":"Hempel, Gudrun: Schmuck aus Haaren. Wien 1981 (= Kataloge des \u00d6sterreichischen Museums f\u00fcr Volkskunde 56).\r\rHempel, Gudrun: Schmuck aus Haaren. 2., erw. Auflage. Wien 1982 (= Kataloge des \u00d6sterreichischen Museums f\u00fcr Volkskunde 57).","label":"Weiterf\u00fchrende Informationen"},{"value":"\u00d6MV/68810","label":"Inventarnummer"},{"value":"Erinnerungskultur","label":"Assoziation"},{"value":"[Vorderseite:] Dorothy. 1852.\r[R\u00fcckseite:] Friderike [sic! Friederike] Beyer Haark\u00fcnstlerin // Mariahilf Hauptstra\u00dfe // \u2116 37.","label":"Inschrift / Aufschrift"},{"value":"Ankauf","label":"Erwerbungsart"}]}