{"viewingHint":"paged","service":[],"structures":[{"ranges":["https://sammlung.volkskundemuseum.at/i3f/v20/317688/range/317908","https://sammlung.volkskundemuseum.at/i3f/v20/317688/range/317909"],"viewingHint":"top","@id":"https://sammlung.volkskundemuseum.at/i3f/v20/317688/range/317688","@type":"sc:Range","label":"Table of Contents"},{"canvases":["https://sammlung.volkskundemuseum.at/i3f/v20/317688/canvas/318109"],"@id":"https://sammlung.volkskundemuseum.at/i3f/v20/317688/range/317908","@type":"sc:Range","label":"dig/44589: Volkskundemuseum Wien / Foto: Pixelstorm, Wien"},{"canvases":["https://sammlung.volkskundemuseum.at/i3f/v20/317688/canvas/318110"],"@id":"https://sammlung.volkskundemuseum.at/i3f/v20/317688/range/317909","@type":"sc:Range","label":"dig/44590: Volkskundemuseum Wien / Foto: Pixelstorm, Wien"}],"sequences":[{"canvases":[{"height":5682,"width":5574,"images":[{"resource":{"service":{"profile":"http://iiif.io/api/image/2/level2.json","@context":"http://iiif.io/api/image/2/context.json","@id":"https://sammlung.volkskundemuseum.at/i3f/v20/318109"},"format":"image/jpeg","height":1019,"width":1000,"@id":"https://sammlung.volkskundemuseum.at/download/webcache/1000/318109","@type":"dctypes:Image"},"on":"https://sammlung.volkskundemuseum.at/i3f/v20/317688/canvas/318109","motivation":"sc:painting","@id":"https://sammlung.volkskundemuseum.at/i3f/v20/317688/annotation/318109","@type":"oa:Annotation"}],"label":"[1]","@id":"https://sammlung.volkskundemuseum.at/i3f/v20/317688/canvas/318109","@type":"sc:Canvas"},{"height":5497,"width":5356,"images":[{"resource":{"service":{"profile":"http://iiif.io/api/image/2/level2.json","@context":"http://iiif.io/api/image/2/context.json","@id":"https://sammlung.volkskundemuseum.at/i3f/v20/318110"},"format":"image/jpeg","height":1026,"width":1000,"@id":"https://sammlung.volkskundemuseum.at/download/webcache/1000/318110","@type":"dctypes:Image"},"on":"https://sammlung.volkskundemuseum.at/i3f/v20/317688/canvas/318110","motivation":"sc:painting","@id":"https://sammlung.volkskundemuseum.at/i3f/v20/317688/annotation/318110","@type":"oa:Annotation"}],"label":"[2]","@id":"https://sammlung.volkskundemuseum.at/i3f/v20/317688/canvas/318110","@type":"sc:Canvas"}],"viewingHint":"paged","startCanvas":"https://sammlung.volkskundemuseum.at/i3f/v20/317688/canvas/318109","viewingDirection":"left-to-right","label":"Current Page Order","@context":"http://iiif.io/api/presentation/2/context.json","@id":"https://sammlung.volkskundemuseum.at/i3f/v20/317688/sequence/normal","@type":"sc:Sequence"}],"label":"\u00d6MV/68805: Haarbild: Bl\u00fctenkranz aus Haaren","thumbnail":{"width":304,"height":309,"@id":"https://sammlung.volkskundemuseum.at/i3f/v21/318109/full/304/0/default.jpg","@type":"dctypes:Image","format":"image/jpeg"},"logo":{"@id":"https://sammlung.volkskundemuseum.at/domainresource/static/graphics/connectors/viewerLogo.gif","service":{"profile":"http://iiif.io/api/image/2/level2.json","@context":"http://iiif.io/api/image/2/context.json","@id":""}},"@context":"http://iiif.io/api/presentation/2/context.json","seeAlso":{"format":"application/xml","@id":"https://sammlung.volkskundemuseum.at/oai?verb=GetRecord&metadataPrefix=mets&identifier=317688","label":"METS"},"@id":"https://sammlung.volkskundemuseum.at/i3f/v20/317688/manifest","@type":"sc:Manifest","metadata":[{"value":"Haarkranz in verglastem Karton. Zwei gekreuzte Zweige mit Bl\u00fcten und Knospen aus braunen, blonden und rotblonden Haaren in Schlingen- und Schlaufentechnik sind zu einem Kranz gelegt. Die Haararbeit liegt auf wei\u00dfem Moir\u00e9papier und ist mit Draht befestigt. Am Boden und an den Seitenw\u00e4nden des Kartons sind Borten aus Goldpapier aufgeklebt. Die Glasverklebung ist mit einem Sternenband aus Goldpapier abgedeckt. Auf der R\u00fcckseite des Kartons ist ein kleines Schild mit dem Hinweis auf den Hersteller aufgeklebt.\rLaut Auskunft seiner Schwiegertochter, von der das Museum das Haarbild 1981 geschenkt bekam, hatte Anton Held (1878\u20131960) nach seiner Lehrzeit in Eisenstadt bis zum Jahre 1950 ein eigenes Friseurgesch\u00e4ft in St. Margarethen im Burgenland gef\u00fchrt. Der Haarkranz ist bis zur Gesch\u00e4ftsauflassung im Jahre 1950 als \"Lehrbrief\" an der Wand oberhalb der Eingangst\u00fcre gehangen und wurde von der Kundschaft mitunter als \"Brautkranz\" seiner Frau angesehen.","label":"Beschreibung"},{"value":"Held, Anton","label":"Hersteller:in"},{"value":"Eisenstadt (Herstellungsort)   ; 1902-1904 (Herstellungszeit)","label":"Entstehung"},{"value":"Haar (Menschliches Material) ; Moir\u00e9papier ; Goldpapier, gepr\u00e4gt ; Holz ; Glas ; Kunstblume","label":"Material"},{"value":"Schlingentechnik (Haar) ; geklebt (Papier)","label":"Technik"},{"value":"H: 24 cm B: 23,5 cm T: 5 cm","label":"Abmessungen"},{"value":"Objekt","label":"Objekttyp"},{"value":"Haarbild","label":"Objektart"},{"value":"Hempel, Gudrun: Schmuck aus Haaren. Wien 1981 (= Kataloge des \u00d6sterreichischen Museums f\u00fcr Volkskunde 56).\r\rHempel, Gudrun: Schmuck aus Haaren. 2., erw. Auflage. Wien 1982 (= Kataloge des \u00d6sterreichischen Museums f\u00fcr Volkskunde 57).","label":"Weiterf\u00fchrende Informationen"},{"value":"\u00d6MV/68805","label":"Inventarnummer"},{"value":"Lehrzeit  / Friseurin, Friseur   / Handwerk","label":"Assoziation"},{"value":"[R\u00fcckseite:] Angefertig von 1902\u20134 // durch Frieseurlerling [sic! Friseurlehrling] // Anton Held","label":"Inschrift / Aufschrift"},{"value":"Schenkung","label":"Erwerbungsart"}]}