{"viewingHint":"paged","service":[],"structures":[{"ranges":["https://sammlung.volkskundemuseum.at/i3f/v20/317677/range/317888","https://sammlung.volkskundemuseum.at/i3f/v20/317677/range/317889"],"viewingHint":"top","@id":"https://sammlung.volkskundemuseum.at/i3f/v20/317677/range/317677","@type":"sc:Range","label":"Table of Contents"},{"canvases":["https://sammlung.volkskundemuseum.at/i3f/v20/317677/canvas/318092"],"@id":"https://sammlung.volkskundemuseum.at/i3f/v20/317677/range/317888","@type":"sc:Range","label":"dig/44585: Volkskundemuseum Wien / Foto: Pixelstorm, Wien"},{"canvases":["https://sammlung.volkskundemuseum.at/i3f/v20/317677/canvas/318093"],"@id":"https://sammlung.volkskundemuseum.at/i3f/v20/317677/range/317889","@type":"sc:Range","label":"dig/44586: Volkskundemuseum Wien / Foto: Pixelstorm, Wien"}],"sequences":[{"canvases":[{"height":3538,"width":2560,"images":[{"resource":{"service":{"profile":"http://iiif.io/api/image/2/level2.json","@context":"http://iiif.io/api/image/2/context.json","@id":"https://sammlung.volkskundemuseum.at/i3f/v20/318092"},"format":"image/jpeg","height":1382,"width":1000,"@id":"https://sammlung.volkskundemuseum.at/download/webcache/1000/318092","@type":"dctypes:Image"},"on":"https://sammlung.volkskundemuseum.at/i3f/v20/317677/canvas/318092","motivation":"sc:painting","@id":"https://sammlung.volkskundemuseum.at/i3f/v20/317677/annotation/318092","@type":"oa:Annotation"}],"label":"[1]","@id":"https://sammlung.volkskundemuseum.at/i3f/v20/317677/canvas/318092","@type":"sc:Canvas"},{"height":3554,"width":2556,"images":[{"resource":{"service":{"profile":"http://iiif.io/api/image/2/level2.json","@context":"http://iiif.io/api/image/2/context.json","@id":"https://sammlung.volkskundemuseum.at/i3f/v20/318093"},"format":"image/jpeg","height":1390,"width":1000,"@id":"https://sammlung.volkskundemuseum.at/download/webcache/1000/318093","@type":"dctypes:Image"},"on":"https://sammlung.volkskundemuseum.at/i3f/v20/317677/canvas/318093","motivation":"sc:painting","@id":"https://sammlung.volkskundemuseum.at/i3f/v20/317677/annotation/318093","@type":"oa:Annotation"}],"label":"[2]","@id":"https://sammlung.volkskundemuseum.at/i3f/v20/317677/canvas/318093","@type":"sc:Canvas"}],"viewingHint":"paged","startCanvas":"https://sammlung.volkskundemuseum.at/i3f/v20/317677/canvas/318092","viewingDirection":"left-to-right","label":"Current Page Order","@context":"http://iiif.io/api/presentation/2/context.json","@id":"https://sammlung.volkskundemuseum.at/i3f/v20/317677/sequence/normal","@type":"sc:Sequence"}],"label":"\u00d6MV/68750: Totengedenkbild: Lorbeerzweig aus Haaren","thumbnail":{"width":304,"height":420,"@id":"https://sammlung.volkskundemuseum.at/i3f/v21/318092/full/304/0/default.jpg","@type":"dctypes:Image","format":"image/jpeg"},"logo":{"@id":"https://sammlung.volkskundemuseum.at/domainresource/static/graphics/connectors/viewerLogo.gif","service":{"profile":"http://iiif.io/api/image/2/level2.json","@context":"http://iiif.io/api/image/2/context.json","@id":""}},"@context":"http://iiif.io/api/presentation/2/context.json","seeAlso":{"format":"application/xml","@id":"https://sammlung.volkskundemuseum.at/oai?verb=GetRecord&metadataPrefix=mets&identifier=317677","label":"METS"},"@id":"https://sammlung.volkskundemuseum.at/i3f/v20/317677/manifest","@type":"sc:Manifest","metadata":[{"value":"Totengedenkbild mit einem einfachen Lorbeerzweig aus den braunen Haaren der Julianna Strebl. Der unten offene Kranz ist auf Papier geklebt. In der Mitte die Inschrift \"Juli. St: 26.10.1872\". Auf der R\u00fcckseite ein Etikett der Wiener Rahmenfirma Anton Krautsack, die ihren Sitz unter den Tuchlauben 8 hatte. Darunter in Kurrentschrift auf einem einfachen Papierschildchen: \"Zum Andenken der Frau Julianna Strebl, geb. Gablenz starb am 26.10.1872 in 33. Lebensjahr.\" In Wien erworbene Haararbeit in ovalem Passepartout mit schwarzem Rahmen.","label":"Beschreibung"},{"value":"Krautsack, Anton","label":"Mitwirkende:r bei Herstellung"},{"value":"unbekannt","label":"Hersteller:in"},{"value":"Strebl, Juliana","label":"Beteiligt"},{"value":"unbekannt (Herstellungsort)  ; Wien (Herstellungsort)   ; nach 26.10.1872 (Herstellungszeit, datiert)","label":"Entstehung"},{"value":"Haar (Menschliches Material) ; Holz ; Glas ; Papier","label":"Material"},{"value":"geklebt (Haar)","label":"Technik"},{"value":"Hochformat","label":"Format"},{"value":"H: 13 cm B: 10 cm T: 1 cm","label":"Abmessungen"},{"value":"Objekt","label":"Objekttyp"},{"value":"Erinnerungsbild ; Totengedenkbild ; Haarbild","label":"Objektart"},{"value":"Hempel, Gudrun: Schmuck aus Haaren. Wien 1981 (= Kataloge des \u00d6sterreichischen Museums f\u00fcr Volkskunde 56).\r\rHempel, Gudrun: Schmuck aus Haaren. 2., erw. Auflage. Wien 1982 (= Kataloge des \u00d6sterreichischen Museums f\u00fcr Volkskunde 57).","label":"Weiterf\u00fchrende Informationen"},{"value":"\u00d6MV/68750","label":"Inventarnummer"},{"value":"Tod   / Erinnerungskultur","label":"Assoziation"},{"value":"[Vorderseite:] Juli. // St: // 26/10 [18]72.\r[R\u00fcckseite:] Die erste und gr\u00f6sste // RAHMEN // FABRIKS-NIEDERLAGE // des // ANTON KRAUTSACK // Wien,Tuchlabuen N.8 // Empfiehlt die sch\u00f6nsten und billigsten // PHOTHOGRAFIE-RAHMEN [sic! Photografie-Rahmen] // in gr\u00f6sster Auswahl. // 09 18. /// Zum Andenken der Frau // Julianna Strebl; geb: Gablenz // starb am 26/10 1872. in 33\u1d57. Lebensjahr.","label":"Inschrift / Aufschrift"},{"value":"Schenkung","label":"Erwerbungsart"}]}