{"viewingHint":"paged","service":[],"structures":[{"ranges":["https://sammlung.volkskundemuseum.at/i3f/v20/317672/range/317868","https://sammlung.volkskundemuseum.at/i3f/v20/317672/range/317869","https://sammlung.volkskundemuseum.at/i3f/v20/317672/range/317870"],"viewingHint":"top","@id":"https://sammlung.volkskundemuseum.at/i3f/v20/317672/range/317672","@type":"sc:Range","label":"Table of Contents"},{"canvases":["https://sammlung.volkskundemuseum.at/i3f/v20/317672/canvas/318081"],"@id":"https://sammlung.volkskundemuseum.at/i3f/v20/317672/range/317868","@type":"sc:Range","label":"dig/44577: Volkskundemuseum Wien / Foto: Pixelstorm, Wien"},{"canvases":["https://sammlung.volkskundemuseum.at/i3f/v20/317672/canvas/318082"],"@id":"https://sammlung.volkskundemuseum.at/i3f/v20/317672/range/317869","@type":"sc:Range","label":"dig/40747: Volkskundemuseum Wien"},{"canvases":["https://sammlung.volkskundemuseum.at/i3f/v20/317672/canvas/318083"],"@id":"https://sammlung.volkskundemuseum.at/i3f/v20/317672/range/317870","@type":"sc:Range","label":"dig/40748: Volkskundemuseum Wien"}],"sequences":[{"canvases":[{"height":4480,"width":4420,"images":[{"resource":{"service":{"profile":"http://iiif.io/api/image/2/level2.json","@context":"http://iiif.io/api/image/2/context.json","@id":"https://sammlung.volkskundemuseum.at/i3f/v20/318081"},"format":"image/jpeg","height":1013,"width":1000,"@id":"https://sammlung.volkskundemuseum.at/download/webcache/1000/318081","@type":"dctypes:Image"},"on":"https://sammlung.volkskundemuseum.at/i3f/v20/317672/canvas/318081","motivation":"sc:painting","@id":"https://sammlung.volkskundemuseum.at/i3f/v20/317672/annotation/318081","@type":"oa:Annotation"}],"label":"[1]","@id":"https://sammlung.volkskundemuseum.at/i3f/v20/317672/canvas/318081","@type":"sc:Canvas"},{"height":7360,"width":7392,"images":[{"resource":{"service":{"profile":"http://iiif.io/api/image/2/level2.json","@context":"http://iiif.io/api/image/2/context.json","@id":"https://sammlung.volkskundemuseum.at/i3f/v20/318082"},"format":"image/jpeg","height":995,"width":1000,"@id":"https://sammlung.volkskundemuseum.at/download/webcache/1000/318082","@type":"dctypes:Image"},"on":"https://sammlung.volkskundemuseum.at/i3f/v20/317672/canvas/318082","motivation":"sc:painting","@id":"https://sammlung.volkskundemuseum.at/i3f/v20/317672/annotation/318082","@type":"oa:Annotation"}],"label":"[2]","@id":"https://sammlung.volkskundemuseum.at/i3f/v20/317672/canvas/318082","@type":"sc:Canvas"},{"height":7360,"width":7392,"images":[{"resource":{"service":{"profile":"http://iiif.io/api/image/2/level2.json","@context":"http://iiif.io/api/image/2/context.json","@id":"https://sammlung.volkskundemuseum.at/i3f/v20/318083"},"format":"image/jpeg","height":995,"width":1000,"@id":"https://sammlung.volkskundemuseum.at/download/webcache/1000/318083","@type":"dctypes:Image"},"on":"https://sammlung.volkskundemuseum.at/i3f/v20/317672/canvas/318083","motivation":"sc:painting","@id":"https://sammlung.volkskundemuseum.at/i3f/v20/317672/annotation/318083","@type":"oa:Annotation"}],"label":"[3]","@id":"https://sammlung.volkskundemuseum.at/i3f/v20/317672/canvas/318083","@type":"sc:Canvas"}],"viewingHint":"paged","startCanvas":"https://sammlung.volkskundemuseum.at/i3f/v20/317672/canvas/318081","viewingDirection":"left-to-right","label":"Current Page Order","@context":"http://iiif.io/api/presentation/2/context.json","@id":"https://sammlung.volkskundemuseum.at/i3f/v20/317672/sequence/normal","@type":"sc:Sequence"}],"label":"\u00d6MV/68523: Erinnerungsblatt: Haarandenken auf Buchseite","thumbnail":{"width":304,"height":308,"@id":"https://sammlung.volkskundemuseum.at/i3f/v21/318081/full/304/0/default.jpg","@type":"dctypes:Image","format":"image/jpeg"},"logo":{"@id":"https://sammlung.volkskundemuseum.at/domainresource/static/graphics/connectors/viewerLogo.gif","service":{"profile":"http://iiif.io/api/image/2/level2.json","@context":"http://iiif.io/api/image/2/context.json","@id":""}},"@context":"http://iiif.io/api/presentation/2/context.json","seeAlso":{"format":"application/xml","@id":"https://sammlung.volkskundemuseum.at/oai?verb=GetRecord&metadataPrefix=mets&identifier=317672","label":"METS"},"@id":"https://sammlung.volkskundemuseum.at/i3f/v20/317672/manifest","@type":"sc:Manifest","metadata":[{"value":"Haarandenken auf Buchseite. Abgerissener Teil einer gedruckten Buchseite mit franz\u00f6sischem Text \"Le Chevalier\". Darauf liegt eine geflochtene braune Haarstr\u00e4hne, die mit Zwirn zu einem Kr\u00e4nzchen zusammengebunden wurde. Daneben der handschriftliche Namenszug \"Wigi\". Auf der R\u00fcckseite der Signaturstempelabdruck \"FW\" f\u00fcr Fritz Weninger, den Vorbesitzer. Der Rahmen wurde f\u00fcr die Sonderausstellung \"Schmuck aus Haaren\" hinzugef\u00fcgt.","label":"Beschreibung"},{"value":"Weninger, Fritz","label":"Vorbesitzer:in"},{"value":"unbekannt","label":"Hersteller:in"},{"value":"unbekannt (Herstellungsort)  ; Anfang 19. Jh. (Herstellungszeit)","label":"Entstehung"},{"value":"Papier ; Buchseite ; Haar (Menschliches Material) ; Holz ; Glas","label":"Material"},{"value":"geklebt (Sonstige Technik) ; geflochten (Haar)","label":"Technik"},{"value":"H: 8 cm B: 7,5 cm Rahmen: H: 17 cm B: 17 cm T: 2 cm","label":"Abmessungen"},{"value":"Objekt","label":"Objekttyp"},{"value":"Erinnerungsblatt ; Haarbild","label":"Objektart"},{"value":"Hempel, Gudrun: Schmuck aus Haaren. Wien 1981 (= Kataloge des \u00d6sterreichischen Museums f\u00fcr Volkskunde 56).\r\rHempel, Gudrun: Schmuck aus Haaren. 2., erw. Auflage. Wien 1982 (= Kataloge des \u00d6sterreichischen Museums f\u00fcr Volkskunde 57).","label":"Weiterf\u00fchrende Informationen"},{"value":"\u00d6MV/68523","label":"Inventarnummer"},{"value":"[Recto:] Wigi\r[Verso:] FW","label":"Inschrift / Aufschrift"},{"value":"Ankauf","label":"Erwerbungsart"}]}