{"viewingHint":"paged","service":[],"structures":[{"ranges":["https://sammlung.volkskundemuseum.at/i3f/v20/317655/range/317799","https://sammlung.volkskundemuseum.at/i3f/v20/317655/range/317800"],"viewingHint":"top","@id":"https://sammlung.volkskundemuseum.at/i3f/v20/317655/range/317655","@type":"sc:Range","label":"Table of Contents"},{"canvases":["https://sammlung.volkskundemuseum.at/i3f/v20/317655/canvas/318043"],"@id":"https://sammlung.volkskundemuseum.at/i3f/v20/317655/range/317799","@type":"sc:Range","label":"dig/44555: Volkskundemuseum Wien / Foto: Pixelstorm, Wien"},{"canvases":["https://sammlung.volkskundemuseum.at/i3f/v20/317655/canvas/318044"],"@id":"https://sammlung.volkskundemuseum.at/i3f/v20/317655/range/317800","@type":"sc:Range","label":"dig/44556: Volkskundemuseum Wien / Foto: Pixelstorm, Wien"}],"sequences":[{"canvases":[{"height":6320,"width":5253,"images":[{"resource":{"service":{"profile":"http://iiif.io/api/image/2/level2.json","@context":"http://iiif.io/api/image/2/context.json","@id":"https://sammlung.volkskundemuseum.at/i3f/v20/318043"},"format":"image/jpeg","height":1203,"width":1000,"@id":"https://sammlung.volkskundemuseum.at/download/webcache/1000/318043","@type":"dctypes:Image"},"on":"https://sammlung.volkskundemuseum.at/i3f/v20/317655/canvas/318043","motivation":"sc:painting","@id":"https://sammlung.volkskundemuseum.at/i3f/v20/317655/annotation/318043","@type":"oa:Annotation"}],"label":"[1]","@id":"https://sammlung.volkskundemuseum.at/i3f/v20/317655/canvas/318043","@type":"sc:Canvas"},{"height":6287,"width":5238,"images":[{"resource":{"service":{"profile":"http://iiif.io/api/image/2/level2.json","@context":"http://iiif.io/api/image/2/context.json","@id":"https://sammlung.volkskundemuseum.at/i3f/v20/318044"},"format":"image/jpeg","height":1200,"width":1000,"@id":"https://sammlung.volkskundemuseum.at/download/webcache/1000/318044","@type":"dctypes:Image"},"on":"https://sammlung.volkskundemuseum.at/i3f/v20/317655/canvas/318044","motivation":"sc:painting","@id":"https://sammlung.volkskundemuseum.at/i3f/v20/317655/annotation/318044","@type":"oa:Annotation"}],"label":"[2]","@id":"https://sammlung.volkskundemuseum.at/i3f/v20/317655/canvas/318044","@type":"sc:Canvas"}],"viewingHint":"paged","startCanvas":"https://sammlung.volkskundemuseum.at/i3f/v20/317655/canvas/318043","viewingDirection":"left-to-right","label":"Current Page Order","@context":"http://iiif.io/api/presentation/2/context.json","@id":"https://sammlung.volkskundemuseum.at/i3f/v20/317655/sequence/normal","@type":"sc:Sequence"}],"label":"\u00d6MV/67308: Erinnerungsbild mit Haarverzierung","thumbnail":{"width":304,"height":365,"@id":"https://sammlung.volkskundemuseum.at/i3f/v21/318043/full/304/0/default.jpg","@type":"dctypes:Image","format":"image/jpeg"},"logo":{"@id":"https://sammlung.volkskundemuseum.at/domainresource/static/graphics/connectors/viewerLogo.gif","service":{"profile":"http://iiif.io/api/image/2/level2.json","@context":"http://iiif.io/api/image/2/context.json","@id":""}},"@context":"http://iiif.io/api/presentation/2/context.json","seeAlso":{"format":"application/xml","@id":"https://sammlung.volkskundemuseum.at/oai?verb=GetRecord&metadataPrefix=mets&identifier=317655","label":"METS"},"@id":"https://sammlung.volkskundemuseum.at/i3f/v20/317655/manifest","@type":"sc:Manifest","metadata":[{"value":"Erinnerungsbild mit Haarverzierung aus den H\u00e4nden eines Friseurs oder einer Friseurin. In einem Holzrahmen mit Goldverzierung ist ein d\u00fcnnes Holzbrett mit einer Bespannung aus weinrotem Samt und einer Umrahmung mit wei\u00dfer Spitzenborte montiert. In den Ecken finden sich gepr\u00e4gte und gestanzte Goldpapierornamente. Der l\u00e4ngsovale Ausschnitt in der Mitte ist mit ekr\u00fcfarbiger Seide unterlegt und mit einer wei\u00dfen Kordel gerahmt. In einem ebenfalls ovalen, goldfarbig verzierten Passepartout, das mit einer hellrosa Kordel eingefasst ist, steckt das Foto einer jungen Frau aus der Zeit um 1900 bis 1910. Das Brustbild wird von einem breiten offenen Haarkranz umrahmt. Blumen und Bl\u00e4tter sind aus dunkelblonden Haaren in Schlingen- und Schlaufentechnik gefertigt worden. Interessant sind dabei zwei Bl\u00fcten, die aus je vier mit Haaren umwickelten Drahtspiralen gebildet sind. Unterhalb des Kranzes ist ein Herz aus Pappe befestigt, das von einer hellblauen Kordel umrahmt ist und die Inschrift \"Zur Erinnerung\" tr\u00e4gt.\rZwei Stempelabdr\u00fccke auf der R\u00fcckseite des Bildes geben Hinweis auf den Hersteller oder die Herstellerin des Haarkranzes: \"Herren- und Damen-Frisier-Salon und Parfumerie-Gesch\u00e4ft H. HEINDL Innsbruck-Wilten u. Hall i. Tirol\". Ein aus Graz stammender Friseur Hermann Heindl heiratete 1893 in Hall die gelernte Friseurin Aloisia Unterladst\u00e4tter. Gemeinsam f\u00fchrten sie das von Aloisias Vater geerbte Friseurgesch\u00e4ft in Hall und ein weiteres in Innsbruck-Wilten. Bei der mit Tintenstift \u00fcber dem gestempelten Herstellernachweis geschriebenen Aufschrift mit den Informationen \"S\u00e4ge Nr. 559\", \"L. Konrad\" und \"Gnadenwald\" handelt es sich vermutlich um Name und Anschrift des Besitzers beziehungsweise des Auftraggebers.","label":"Beschreibung"},{"value":"unbekannt","label":"Fotograf:in"},{"value":"Heindl, Hermann","label":"Hersteller:in"},{"value":"unbekannt (Aufnahmeort)  ; Hall in Tirol (Herstellungsort)   ; Innsbruck-Wilten (Herstellungsort)   ; vor 1900-1910 (Aufnahmedatum) ; 1900-1910 (Herstellungszeit)","label":"Entstehung"},{"value":"Gnadenwald (Verwendungsort)   ; (Verwendungszeit, unbekannt)","label":"Verwendung"},{"value":"Kordel ; Papier ; Haar (Menschliches Material) ; Papier, Fotografie ; Samt ; Holz ; Seide ; Kordel ; Pappe ; Dresdner Pappe ; Goldpapier, gestanzt ; Glas ; Spitze ; Kunstblume","label":"Material"},{"value":"Schlingentechnik (Haar) ; vergoldet (Holz) ; geklebt (Sonstige Technik) ; Positivverfahren schwarz-wei\u00df auf Papier ; Materialcollage","label":"Technik"},{"value":"Hochformat","label":"Format"},{"value":"H: 42,3 cm B: 34,5 cm T: 3,6 cm","label":"Abmessungen"},{"value":"Objekt","label":"Objekttyp"},{"value":"Haarbild  ; Erinnerungsbild ; Fotografie  ; Positiv, schwarz-wei\u00df","label":"Objektart"},{"value":"Hempel, Gudrun: Schmuck aus Haaren. Wien 1981 (= Kataloge des \u00d6sterreichischen Museums f\u00fcr Volkskunde 56).\r\rHempel, Gudrun: Schmuck aus Haaren. 2., erw. Auflage. Wien 1982 (= Kataloge des \u00d6sterreichischen Museums f\u00fcr Volkskunde 57).","label":"Weiterf\u00fchrende Informationen"},{"value":"\u00d6MV/67308","label":"Inventarnummer"},{"value":"Erinnerungskultur","label":"Assoziation"},{"value":"[Vorderseite:] Zur Erinnerung\r[R\u00fcckseite:] S\u00e4ge \u201e\u2116r.559.L. Konrad. // Gnadenwald.","label":"Inschrift / Aufschrift"},{"value":"Ankauf","label":"Erwerbungsart"}]}