{"viewingHint":"paged","service":[],"structures":[{"ranges":["https://sammlung.volkskundemuseum.at/i3f/v20/317648/range/317769","https://sammlung.volkskundemuseum.at/i3f/v20/317648/range/317770"],"viewingHint":"top","@id":"https://sammlung.volkskundemuseum.at/i3f/v20/317648/range/317648","@type":"sc:Range","label":"Table of Contents"},{"canvases":["https://sammlung.volkskundemuseum.at/i3f/v20/317648/canvas/318029"],"@id":"https://sammlung.volkskundemuseum.at/i3f/v20/317648/range/317769","@type":"sc:Range","label":"dig/44541: Volkskundemuseum Wien / Foto: Pixelstorm, Wien"},{"canvases":["https://sammlung.volkskundemuseum.at/i3f/v20/317648/canvas/318030"],"@id":"https://sammlung.volkskundemuseum.at/i3f/v20/317648/range/317770","@type":"sc:Range","label":"dig/44542: Volkskundemuseum Wien / Foto: Pixelstorm, Wien"}],"sequences":[{"canvases":[{"height":4457,"width":3970,"images":[{"resource":{"service":{"profile":"http://iiif.io/api/image/2/level2.json","@context":"http://iiif.io/api/image/2/context.json","@id":"https://sammlung.volkskundemuseum.at/i3f/v20/318029"},"format":"image/jpeg","height":1122,"width":1000,"@id":"https://sammlung.volkskundemuseum.at/download/webcache/1000/318029","@type":"dctypes:Image"},"on":"https://sammlung.volkskundemuseum.at/i3f/v20/317648/canvas/318029","motivation":"sc:painting","@id":"https://sammlung.volkskundemuseum.at/i3f/v20/317648/annotation/318029","@type":"oa:Annotation"}],"label":"[1]","@id":"https://sammlung.volkskundemuseum.at/i3f/v20/317648/canvas/318029","@type":"sc:Canvas"},{"height":4451,"width":4014,"images":[{"resource":{"service":{"profile":"http://iiif.io/api/image/2/level2.json","@context":"http://iiif.io/api/image/2/context.json","@id":"https://sammlung.volkskundemuseum.at/i3f/v20/318030"},"format":"image/jpeg","height":1108,"width":1000,"@id":"https://sammlung.volkskundemuseum.at/download/webcache/1000/318030","@type":"dctypes:Image"},"on":"https://sammlung.volkskundemuseum.at/i3f/v20/317648/canvas/318030","motivation":"sc:painting","@id":"https://sammlung.volkskundemuseum.at/i3f/v20/317648/annotation/318030","@type":"oa:Annotation"}],"label":"[2]","@id":"https://sammlung.volkskundemuseum.at/i3f/v20/317648/canvas/318030","@type":"sc:Canvas"}],"viewingHint":"paged","startCanvas":"https://sammlung.volkskundemuseum.at/i3f/v20/317648/canvas/318029","viewingDirection":"left-to-right","label":"Current Page Order","@context":"http://iiif.io/api/presentation/2/context.json","@id":"https://sammlung.volkskundemuseum.at/i3f/v20/317648/sequence/normal","@type":"sc:Sequence"}],"label":"\u00d6MV/52906: Totengedenkbild mit Haarklebearbeit","thumbnail":{"width":304,"height":341,"@id":"https://sammlung.volkskundemuseum.at/i3f/v21/318029/full/304/0/default.jpg","@type":"dctypes:Image","format":"image/jpeg"},"logo":{"@id":"https://sammlung.volkskundemuseum.at/domainresource/static/graphics/connectors/viewerLogo.gif","service":{"profile":"http://iiif.io/api/image/2/level2.json","@context":"http://iiif.io/api/image/2/context.json","@id":""}},"@context":"http://iiif.io/api/presentation/2/context.json","seeAlso":{"format":"application/xml","@id":"https://sammlung.volkskundemuseum.at/oai?verb=GetRecord&metadataPrefix=mets&identifier=317648","label":"METS"},"@id":"https://sammlung.volkskundemuseum.at/i3f/v20/317648/manifest","@type":"sc:Manifest","metadata":[{"value":"Totengedenkbild mit Haarklebearbeit in ovalem Goldrahmen mit bombiertem Glas. Komposition aus braunen Haaren auf Milchglas. Das Grabmal auf einem Grasstreifen sowie die Zypressenreihe im Hintergrund wurden mit feinsten Haarschnipseln aufgeklebt. Die Trauerweide und die Blumen im Vordergrund sind aus geleimten und zurechtgeschnittenen Haarstr\u00e4hnen dreidimensional zusammengesetzt. Erworben wurde das Bild in Wien.","label":"Beschreibung"},{"value":"unbekannt","label":"Hersteller:in"},{"value":"unbekannt (Herstellungsort)  ; 2. H\u00e4lfte 19. Jh. (Herstellungszeit)","label":"Entstehung"},{"value":"[Wien?] (Verwendungsort)   ; (Verwendungszeit, unbekannt)","label":"Verwendung"},{"value":"Haar (Menschliches Material) ; Milchglas ; Glas ; Holz","label":"Material"},{"value":"geklebt (Haar) ; Polimentvergoldung (Holz)","label":"Technik"},{"value":"Hochformat","label":"Format"},{"value":"H: 19 cm B: 16,5 cm T: 3,5 cm","label":"Abmessungen"},{"value":"Objekt","label":"Objekttyp"},{"value":"Haarbild  ; Totengedenkbild","label":"Objektart"},{"value":"Hempel, Gudrun: Schmuck aus Haaren. Wien 1981 (= Kataloge des \u00d6sterreichischen Museums f\u00fcr Volkskunde 56).\r\rHempel, Gudrun: Schmuck aus Haaren. 2., erw. Auflage. Wien 1982 (= Kataloge des \u00d6sterreichischen Museums f\u00fcr Volkskunde 57).","label":"Weiterf\u00fchrende Informationen"},{"value":"\u00d6MV/52906","label":"Inventarnummer"},{"value":"Erinnerungskultur","label":"Assoziation"},{"value":"[Vorderseite:] T.\r[R\u00fcckseite:] 1 1/2 \" // Bartl","label":"Inschrift / Aufschrift"},{"value":"Schenkung","label":"Erwerbungsart"}]}