{"viewingHint":"paged","service":[],"structures":[{"ranges":["https://sammlung.volkskundemuseum.at/i3f/v20/317647/range/317764","https://sammlung.volkskundemuseum.at/i3f/v20/317647/range/317765"],"viewingHint":"top","@id":"https://sammlung.volkskundemuseum.at/i3f/v20/317647/range/317647","@type":"sc:Range","label":"Table of Contents"},{"canvases":["https://sammlung.volkskundemuseum.at/i3f/v20/317647/canvas/318027"],"@id":"https://sammlung.volkskundemuseum.at/i3f/v20/317647/range/317764","@type":"sc:Range","label":"dig/44539: Volkskundemuseum Wien / Foto: Pixelstorm, Wien"},{"canvases":["https://sammlung.volkskundemuseum.at/i3f/v20/317647/canvas/318028"],"@id":"https://sammlung.volkskundemuseum.at/i3f/v20/317647/range/317765","@type":"sc:Range","label":"dig/44540: Volkskundemuseum Wien / Foto: Pixelstorm, Wien"}],"sequences":[{"canvases":[{"height":5391,"width":4213,"images":[{"resource":{"service":{"profile":"http://iiif.io/api/image/2/level2.json","@context":"http://iiif.io/api/image/2/context.json","@id":"https://sammlung.volkskundemuseum.at/i3f/v20/318027"},"format":"image/jpeg","height":1279,"width":1000,"@id":"https://sammlung.volkskundemuseum.at/download/webcache/1000/318027","@type":"dctypes:Image"},"on":"https://sammlung.volkskundemuseum.at/i3f/v20/317647/canvas/318027","motivation":"sc:painting","@id":"https://sammlung.volkskundemuseum.at/i3f/v20/317647/annotation/318027","@type":"oa:Annotation"}],"label":"[1]","@id":"https://sammlung.volkskundemuseum.at/i3f/v20/317647/canvas/318027","@type":"sc:Canvas"},{"height":5395,"width":4283,"images":[{"resource":{"service":{"profile":"http://iiif.io/api/image/2/level2.json","@context":"http://iiif.io/api/image/2/context.json","@id":"https://sammlung.volkskundemuseum.at/i3f/v20/318028"},"format":"image/jpeg","height":1259,"width":1000,"@id":"https://sammlung.volkskundemuseum.at/download/webcache/1000/318028","@type":"dctypes:Image"},"on":"https://sammlung.volkskundemuseum.at/i3f/v20/317647/canvas/318028","motivation":"sc:painting","@id":"https://sammlung.volkskundemuseum.at/i3f/v20/317647/annotation/318028","@type":"oa:Annotation"}],"label":"[2]","@id":"https://sammlung.volkskundemuseum.at/i3f/v20/317647/canvas/318028","@type":"sc:Canvas"}],"viewingHint":"paged","startCanvas":"https://sammlung.volkskundemuseum.at/i3f/v20/317647/canvas/318027","viewingDirection":"left-to-right","label":"Current Page Order","@context":"http://iiif.io/api/presentation/2/context.json","@id":"https://sammlung.volkskundemuseum.at/i3f/v20/317647/sequence/normal","@type":"sc:Sequence"}],"label":"\u00d6MV/52693: Haarandenken in braunem Rahmen","thumbnail":{"width":304,"height":389,"@id":"https://sammlung.volkskundemuseum.at/i3f/v21/318027/full/304/0/default.jpg","@type":"dctypes:Image","format":"image/jpeg"},"logo":{"@id":"https://sammlung.volkskundemuseum.at/domainresource/static/graphics/connectors/viewerLogo.gif","service":{"profile":"http://iiif.io/api/image/2/level2.json","@context":"http://iiif.io/api/image/2/context.json","@id":""}},"@context":"http://iiif.io/api/presentation/2/context.json","seeAlso":{"format":"application/xml","@id":"https://sammlung.volkskundemuseum.at/oai?verb=GetRecord&metadataPrefix=mets&identifier=317647","label":"METS"},"@id":"https://sammlung.volkskundemuseum.at/i3f/v20/317647/manifest","@type":"sc:Manifest","metadata":[{"value":"Fragment eines geklebten Haarbildes. Blondes Haar in Form eines Kranzes unter einer sechseckigen Scheibe. Mit Packpapierstreifen auf Karton geklebt und in einem braunen Holzrahmen unter Glas montiert. Erhalten geblieben ist ein Zettel mit dem Hinweis \"Haar-Bild der Josefine \u00d6sterreicher, 5. M\u00e4rz 1907\". Laut dem Inventarbucheintrag war Josefine damals neun Jahre alt. Ob es sich um ein Erinnerungsbild oder ein Gedenkbild handelt, geht aus den Aufzeichnungen nicht hervor.","label":"Beschreibung"},{"value":"\u00d6sterreicher, Josefine","label":"Sonstige:r Beteiligte:r"},{"value":"unbekannt","label":"Hersteller:in"},{"value":"Wien (Herstellungsort)   ; 05.03.1907 (Herstellungszeit, datiert)","label":"Entstehung"},{"value":"(Verwendungszeit, unbekannt)","label":"Verwendung"},{"value":"Haar (Menschliches Material) ; Glas ; Holz ; Papier","label":"Material"},{"value":"geklebt (Haar)","label":"Technik"},{"value":"Hochformat","label":"Format"},{"value":"H: 22 cm B: 16,6 cm T: 1,2 cm","label":"Abmessungen"},{"value":"Objekt","label":"Objekttyp"},{"value":"Haarbild  ; Erinnerungsbild","label":"Objektart"},{"value":"Hempel, Gudrun: Schmuck aus Haaren. Wien 1981 (= Kataloge des \u00d6sterreichischen Museums f\u00fcr Volkskunde 56).\r\rHempel, Gudrun: Schmuck aus Haaren. 2., erw. Auflage. Wien 1982 (= Kataloge des \u00d6sterreichischen Museums f\u00fcr Volkskunde 57).","label":"Weiterf\u00fchrende Informationen"},{"value":"\u00d6MV/52693","label":"Inventarnummer"},{"value":"Erinnerungskultur","label":"Assoziation"},{"value":"Schenkung","label":"Erwerbungsart"}]}